{"id":202,"date":"2021-10-08T18:24:00","date_gmt":"2021-10-08T16:24:00","guid":{"rendered":"https:\/\/uniden.fr\/?p=202"},"modified":"2025-09-10T18:25:41","modified_gmt":"2025-09-10T16:25:41","slug":"explosion-des-prix-du-gaz-et-de-lelectricite-pour-lindustrie","status":"publish","type":"post","link":"https:\/\/uniden.fr\/index.php\/2021\/10\/08\/explosion-des-prix-du-gaz-et-de-lelectricite-pour-lindustrie\/","title":{"rendered":"Explosion des prix du gaz et de l\u2019\u00e9lectricit\u00e9 pour l\u2019industrie"},"content":{"rendered":"\n<h2 class=\"wp-block-heading\">A crise exceptionnelle, mesures exceptionnelles<\/h2>\n\n\n\n<p>L\u2019UNIDEN salue les initiatives prises cette semaine par la France au niveau europ\u00e9en appelant, au-del\u00e0 des indispensables mesures de court terme, \u00e0 l\u2019adoption d\u2019une strat\u00e9gie europ\u00e9enne concert\u00e9e de gestion des approvisionnements de gaz (achat et stockage), et par ailleurs \u00e0 l\u2019engagement sans d\u00e9lai d\u2019un processus de r\u00e9forme du march\u00e9 de gros de l\u2019\u00e9lectricit\u00e9 et de celui du CO2 dans le cadre de l\u2019ETS.<\/p>\n\n\n\n<p><a href=\"https:\/\/uniden.fr\/wp-content\/uploads\/2025\/09\/Explosion-des-prix-du-gaz-et-de-lelectricite-pour-lindustrie.pdf\" data-type=\"attachment\" data-id=\"44\">Lire le communiqu\u00e9<\/a><\/p>\n","protected":false},"excerpt":{"rendered":"<p>A crise exceptionnelle, mesures exceptionnelles L\u2019UNIDEN salue les initiatives prises cette semaine par la France au niveau europ\u00e9en appelant, au-del\u00e0 des indispensables mesures de court terme, \u00e0 l\u2019adoption d\u2019une strat\u00e9gie europ\u00e9enne concert\u00e9e de gestion des approvisionnements de gaz (achat et stockage), et par ailleurs \u00e0 l\u2019engagement sans d\u00e9lai d\u2019un processus de r\u00e9forme du march\u00e9 de [&hellip;]<\/p>\n","protected":false},"author":1,"featured_media":0,"comment_status":"open","ping_status":"open","sticky":false,"template":"","format":"standard","meta":{"footnotes":""},"categories":[3],"tags":[],"class_list":["post-202","post","type-post","status-publish","format-standard","hentry","category-communique-de-presse"],"yoast_head":"<!-- This site is optimized with the Yoast SEO plugin v27.4 - https:\/\/yoast.com\/product\/yoast-seo-wordpress\/ -->\n<title>Explosion des prix du gaz et de l\u2019\u00e9lectricit\u00e9 pour l\u2019industrie - Uniden<\/title>\n<meta name=\"description\" content=\"Extrait | S\u00e9parateur | Titre du site\" \/>\n<meta name=\"robots\" content=\"index, follow, max-snippet:-1, max-image-preview:large, max-video-preview:-1\" \/>\n<link rel=\"canonical\" href=\"https:\/\/uniden.fr\/index.php\/2021\/10\/08\/explosion-des-prix-du-gaz-et-de-lelectricite-pour-lindustrie\/\" \/>\n<meta property=\"og:locale\" content=\"fr_FR\" \/>\n<meta property=\"og:type\" content=\"article\" \/>\n<meta property=\"og:title\" content=\"Explosion des prix du gaz et de l\u2019\u00e9lectricit\u00e9 pour l\u2019industrie - Uniden\" \/>\n<meta property=\"og:description\" content=\"Extrait | S\u00e9parateur | Titre du site\" \/>\n<meta property=\"og:url\" content=\"https:\/\/uniden.fr\/index.php\/2021\/10\/08\/explosion-des-prix-du-gaz-et-de-lelectricite-pour-lindustrie\/\" \/>\n<meta property=\"og:site_name\" content=\"Uniden\" \/>\n<meta property=\"article:published_time\" content=\"2021-10-08T16:24:00+00:00\" \/>\n<meta property=\"article:modified_time\" content=\"2025-09-10T16:25:41+00:00\" \/>\n<meta property=\"og:image\" content=\"https:\/\/uniden.fr\/wp-content\/uploads\/2025\/09\/Uniden-logo-libelle-blanc-force.webp\" \/>\n\t<meta property=\"og:image:width\" content=\"2000\" \/>\n\t<meta property=\"og:image:height\" content=\"1111\" \/>\n\t<meta property=\"og:image:type\" content=\"image\/webp\" \/>\n<meta name=\"author\" content=\"WMUadmin\" \/>\n<meta name=\"twitter:card\" content=\"summary_large_image\" \/>\n<meta name=\"twitter:label1\" content=\"\u00c9crit par\" \/>\n\t<meta name=\"twitter:data1\" content=\"WMUadmin\" \/>\n<script type=\"application\/ld+json\" class=\"yoast-schema-graph\">{\"@context\":\"https:\\\/\\\/schema.org\",\"@graph\":[{\"@type\":\"Article\",\"@id\":\"https:\\\/\\\/uniden.fr\\\/index.php\\\/2021\\\/10\\\/08\\\/explosion-des-prix-du-gaz-et-de-lelectricite-pour-lindustrie\\\/#article\",\"isPartOf\":{\"@id\":\"https:\\\/\\\/uniden.fr\\\/index.php\\\/2021\\\/10\\\/08\\\/explosion-des-prix-du-gaz-et-de-lelectricite-pour-lindustrie\\\/\"},\"author\":{\"name\":\"WMUadmin\",\"@id\":\"https:\\\/\\\/uniden.fr\\\/#\\\/schema\\\/person\\\/b87bccee8ffebb68e8a665add129b595\"},\"headline\":\"Explosion des prix du gaz et de l\u2019\u00e9lectricit\u00e9 pour l\u2019industrie\",\"datePublished\":\"2021-10-08T16:24:00+00:00\",\"dateModified\":\"2025-09-10T16:25:41+00:00\",\"mainEntityOfPage\":{\"@id\":\"https:\\\/\\\/uniden.fr\\\/index.php\\\/2021\\\/10\\\/08\\\/explosion-des-prix-du-gaz-et-de-lelectricite-pour-lindustrie\\\/\"},\"wordCount\":94,\"commentCount\":0,\"publisher\":{\"@id\":\"https:\\\/\\\/uniden.fr\\\/#organization\"},\"articleSection\":[\"Communiqu\u00e9 de presse\"],\"inLanguage\":\"fr-FR\",\"potentialAction\":[{\"@type\":\"CommentAction\",\"name\":\"Comment\",\"target\":[\"https:\\\/\\\/uniden.fr\\\/index.php\\\/2021\\\/10\\\/08\\\/explosion-des-prix-du-gaz-et-de-lelectricite-pour-lindustrie\\\/#respond\"]}]},{\"@type\":\"WebPage\",\"@id\":\"https:\\\/\\\/uniden.fr\\\/index.php\\\/2021\\\/10\\\/08\\\/explosion-des-prix-du-gaz-et-de-lelectricite-pour-lindustrie\\\/\",\"url\":\"https:\\\/\\\/uniden.fr\\\/index.php\\\/2021\\\/10\\\/08\\\/explosion-des-prix-du-gaz-et-de-lelectricite-pour-lindustrie\\\/\",\"name\":\"Explosion des prix du gaz et de l\u2019\u00e9lectricit\u00e9 pour l\u2019industrie - Uniden\",\"isPartOf\":{\"@id\":\"https:\\\/\\\/uniden.fr\\\/#website\"},\"datePublished\":\"2021-10-08T16:24:00+00:00\",\"dateModified\":\"2025-09-10T16:25:41+00:00\",\"description\":\"Extrait | S\u00e9parateur | Titre du site\",\"breadcrumb\":{\"@id\":\"https:\\\/\\\/uniden.fr\\\/index.php\\\/2021\\\/10\\\/08\\\/explosion-des-prix-du-gaz-et-de-lelectricite-pour-lindustrie\\\/#breadcrumb\"},\"inLanguage\":\"fr-FR\",\"potentialAction\":[{\"@type\":\"ReadAction\",\"target\":[\"https:\\\/\\\/uniden.fr\\\/index.php\\\/2021\\\/10\\\/08\\\/explosion-des-prix-du-gaz-et-de-lelectricite-pour-lindustrie\\\/\"]}]},{\"@type\":\"BreadcrumbList\",\"@id\":\"https:\\\/\\\/uniden.fr\\\/index.php\\\/2021\\\/10\\\/08\\\/explosion-des-prix-du-gaz-et-de-lelectricite-pour-lindustrie\\\/#breadcrumb\",\"itemListElement\":[{\"@type\":\"ListItem\",\"position\":1,\"name\":\"Accueil\",\"item\":\"https:\\\/\\\/uniden.fr\\\/\"},{\"@type\":\"ListItem\",\"position\":2,\"name\":\"Explosion des prix du gaz et de l\u2019\u00e9lectricit\u00e9 pour l\u2019industrie\"}]},{\"@type\":\"WebSite\",\"@id\":\"https:\\\/\\\/uniden.fr\\\/#website\",\"url\":\"https:\\\/\\\/uniden.fr\\\/\",\"name\":\"Uniden\",\"description\":\"L&#039;Union des Industries Utilisatrices d&#039;\u00c9nergie repr\u00e9sente les industries grandes consommatrices d&#039;\u00e9nergie pr\u00e9sentes en France\",\"publisher\":{\"@id\":\"https:\\\/\\\/uniden.fr\\\/#organization\"},\"alternateName\":\"Uniden\",\"potentialAction\":[{\"@type\":\"SearchAction\",\"target\":{\"@type\":\"EntryPoint\",\"urlTemplate\":\"https:\\\/\\\/uniden.fr\\\/?s={search_term_string}\"},\"query-input\":{\"@type\":\"PropertyValueSpecification\",\"valueRequired\":true,\"valueName\":\"search_term_string\"}}],\"inLanguage\":\"fr-FR\"},{\"@type\":\"Organization\",\"@id\":\"https:\\\/\\\/uniden.fr\\\/#organization\",\"name\":\"Uniden\",\"alternateName\":\"Uniden\",\"url\":\"https:\\\/\\\/uniden.fr\\\/\",\"logo\":{\"@type\":\"ImageObject\",\"inLanguage\":\"fr-FR\",\"@id\":\"https:\\\/\\\/uniden.fr\\\/#\\\/schema\\\/logo\\\/image\\\/\",\"url\":\"https:\\\/\\\/uniden.fr\\\/wp-content\\\/uploads\\\/2025\\\/09\\\/Uniden-icone.png\",\"contentUrl\":\"https:\\\/\\\/uniden.fr\\\/wp-content\\\/uploads\\\/2025\\\/09\\\/Uniden-icone.png\",\"width\":1081,\"height\":1081,\"caption\":\"Uniden\"},\"image\":{\"@id\":\"https:\\\/\\\/uniden.fr\\\/#\\\/schema\\\/logo\\\/image\\\/\"}},{\"@type\":\"Person\",\"@id\":\"https:\\\/\\\/uniden.fr\\\/#\\\/schema\\\/person\\\/b87bccee8ffebb68e8a665add129b595\",\"name\":\"WMUadmin\",\"image\":{\"@type\":\"ImageObject\",\"inLanguage\":\"fr-FR\",\"@id\":\"https:\\\/\\\/secure.gravatar.com\\\/avatar\\\/6b61e1737ea0e1ccb90889bb28b19178269c0cfb9875bf2d30fceb45d3299548?s=96&d=mm&r=g\",\"url\":\"https:\\\/\\\/secure.gravatar.com\\\/avatar\\\/6b61e1737ea0e1ccb90889bb28b19178269c0cfb9875bf2d30fceb45d3299548?s=96&d=mm&r=g\",\"contentUrl\":\"https:\\\/\\\/secure.gravatar.com\\\/avatar\\\/6b61e1737ea0e1ccb90889bb28b19178269c0cfb9875bf2d30fceb45d3299548?s=96&d=mm&r=g\",\"caption\":\"WMUadmin\"},\"sameAs\":[\"https:\\\/\\\/uniden.fr\"],\"url\":\"https:\\\/\\\/uniden.fr\\\/index.php\\\/author\\\/wmuadmin\\\/\"}]}<\/script>\n<!-- \/ Yoast SEO plugin. -->","yoast_head_json":{"title":"Explosion des prix du gaz et de l\u2019\u00e9lectricit\u00e9 pour l\u2019industrie - Uniden","description":"Extrait | S\u00e9parateur | Titre du site","robots":{"index":"index","follow":"follow","max-snippet":"max-snippet:-1","max-image-preview":"max-image-preview:large","max-video-preview":"max-video-preview:-1"},"canonical":"https:\/\/uniden.fr\/index.php\/2021\/10\/08\/explosion-des-prix-du-gaz-et-de-lelectricite-pour-lindustrie\/","og_locale":"fr_FR","og_type":"article","og_title":"Explosion des prix du gaz et de l\u2019\u00e9lectricit\u00e9 pour l\u2019industrie - Uniden","og_description":"Extrait | S\u00e9parateur | Titre du site","og_url":"https:\/\/uniden.fr\/index.php\/2021\/10\/08\/explosion-des-prix-du-gaz-et-de-lelectricite-pour-lindustrie\/","og_site_name":"Uniden","article_published_time":"2021-10-08T16:24:00+00:00","article_modified_time":"2025-09-10T16:25:41+00:00","og_image":[{"width":2000,"height":1111,"url":"https:\/\/uniden.fr\/wp-content\/uploads\/2025\/09\/Uniden-logo-libelle-blanc-force.webp","type":"image\/webp"}],"author":"WMUadmin","twitter_card":"summary_large_image","twitter_misc":{"\u00c9crit par":"WMUadmin"},"schema":{"@context":"https:\/\/schema.org","@graph":[{"@type":"Article","@id":"https:\/\/uniden.fr\/index.php\/2021\/10\/08\/explosion-des-prix-du-gaz-et-de-lelectricite-pour-lindustrie\/#article","isPartOf":{"@id":"https:\/\/uniden.fr\/index.php\/2021\/10\/08\/explosion-des-prix-du-gaz-et-de-lelectricite-pour-lindustrie\/"},"author":{"name":"WMUadmin","@id":"https:\/\/uniden.fr\/#\/schema\/person\/b87bccee8ffebb68e8a665add129b595"},"headline":"Explosion des prix du gaz et de l\u2019\u00e9lectricit\u00e9 pour l\u2019industrie","datePublished":"2021-10-08T16:24:00+00:00","dateModified":"2025-09-10T16:25:41+00:00","mainEntityOfPage":{"@id":"https:\/\/uniden.fr\/index.php\/2021\/10\/08\/explosion-des-prix-du-gaz-et-de-lelectricite-pour-lindustrie\/"},"wordCount":94,"commentCount":0,"publisher":{"@id":"https:\/\/uniden.fr\/#organization"},"articleSection":["Communiqu\u00e9 de presse"],"inLanguage":"fr-FR","potentialAction":[{"@type":"CommentAction","name":"Comment","target":["https:\/\/uniden.fr\/index.php\/2021\/10\/08\/explosion-des-prix-du-gaz-et-de-lelectricite-pour-lindustrie\/#respond"]}]},{"@type":"WebPage","@id":"https:\/\/uniden.fr\/index.php\/2021\/10\/08\/explosion-des-prix-du-gaz-et-de-lelectricite-pour-lindustrie\/","url":"https:\/\/uniden.fr\/index.php\/2021\/10\/08\/explosion-des-prix-du-gaz-et-de-lelectricite-pour-lindustrie\/","name":"Explosion des prix du gaz et de l\u2019\u00e9lectricit\u00e9 pour l\u2019industrie - Uniden","isPartOf":{"@id":"https:\/\/uniden.fr\/#website"},"datePublished":"2021-10-08T16:24:00+00:00","dateModified":"2025-09-10T16:25:41+00:00","description":"Extrait | S\u00e9parateur | Titre du site","breadcrumb":{"@id":"https:\/\/uniden.fr\/index.php\/2021\/10\/08\/explosion-des-prix-du-gaz-et-de-lelectricite-pour-lindustrie\/#breadcrumb"},"inLanguage":"fr-FR","potentialAction":[{"@type":"ReadAction","target":["https:\/\/uniden.fr\/index.php\/2021\/10\/08\/explosion-des-prix-du-gaz-et-de-lelectricite-pour-lindustrie\/"]}]},{"@type":"BreadcrumbList","@id":"https:\/\/uniden.fr\/index.php\/2021\/10\/08\/explosion-des-prix-du-gaz-et-de-lelectricite-pour-lindustrie\/#breadcrumb","itemListElement":[{"@type":"ListItem","position":1,"name":"Accueil","item":"https:\/\/uniden.fr\/"},{"@type":"ListItem","position":2,"name":"Explosion des prix du gaz et de l\u2019\u00e9lectricit\u00e9 pour l\u2019industrie"}]},{"@type":"WebSite","@id":"https:\/\/uniden.fr\/#website","url":"https:\/\/uniden.fr\/","name":"Uniden","description":"L&#039;Union des Industries Utilisatrices d&#039;\u00c9nergie repr\u00e9sente les industries grandes consommatrices d&#039;\u00e9nergie pr\u00e9sentes en France","publisher":{"@id":"https:\/\/uniden.fr\/#organization"},"alternateName":"Uniden","potentialAction":[{"@type":"SearchAction","target":{"@type":"EntryPoint","urlTemplate":"https:\/\/uniden.fr\/?s={search_term_string}"},"query-input":{"@type":"PropertyValueSpecification","valueRequired":true,"valueName":"search_term_string"}}],"inLanguage":"fr-FR"},{"@type":"Organization","@id":"https:\/\/uniden.fr\/#organization","name":"Uniden","alternateName":"Uniden","url":"https:\/\/uniden.fr\/","logo":{"@type":"ImageObject","inLanguage":"fr-FR","@id":"https:\/\/uniden.fr\/#\/schema\/logo\/image\/","url":"https:\/\/uniden.fr\/wp-content\/uploads\/2025\/09\/Uniden-icone.png","contentUrl":"https:\/\/uniden.fr\/wp-content\/uploads\/2025\/09\/Uniden-icone.png","width":1081,"height":1081,"caption":"Uniden"},"image":{"@id":"https:\/\/uniden.fr\/#\/schema\/logo\/image\/"}},{"@type":"Person","@id":"https:\/\/uniden.fr\/#\/schema\/person\/b87bccee8ffebb68e8a665add129b595","name":"WMUadmin","image":{"@type":"ImageObject","inLanguage":"fr-FR","@id":"https:\/\/secure.gravatar.com\/avatar\/6b61e1737ea0e1ccb90889bb28b19178269c0cfb9875bf2d30fceb45d3299548?s=96&d=mm&r=g","url":"https:\/\/secure.gravatar.com\/avatar\/6b61e1737ea0e1ccb90889bb28b19178269c0cfb9875bf2d30fceb45d3299548?s=96&d=mm&r=g","contentUrl":"https:\/\/secure.gravatar.com\/avatar\/6b61e1737ea0e1ccb90889bb28b19178269c0cfb9875bf2d30fceb45d3299548?s=96&d=mm&r=g","caption":"WMUadmin"},"sameAs":["https:\/\/uniden.fr"],"url":"https:\/\/uniden.fr\/index.php\/author\/wmuadmin\/"}]}},"_links":{"self":[{"href":"https:\/\/uniden.fr\/index.php\/wp-json\/wp\/v2\/posts\/202","targetHints":{"allow":["GET"]}}],"collection":[{"href":"https:\/\/uniden.fr\/index.php\/wp-json\/wp\/v2\/posts"}],"about":[{"href":"https:\/\/uniden.fr\/index.php\/wp-json\/wp\/v2\/types\/post"}],"author":[{"embeddable":true,"href":"https:\/\/uniden.fr\/index.php\/wp-json\/wp\/v2\/users\/1"}],"replies":[{"embeddable":true,"href":"https:\/\/uniden.fr\/index.php\/wp-json\/wp\/v2\/comments?post=202"}],"version-history":[{"count":0,"href":"https:\/\/uniden.fr\/index.php\/wp-json\/wp\/v2\/posts\/202\/revisions"}],"wp:attachment":[{"href":"https:\/\/uniden.fr\/index.php\/wp-json\/wp\/v2\/media?parent=202"}],"wp:term":[{"taxonomy":"category","embeddable":true,"href":"https:\/\/uniden.fr\/index.php\/wp-json\/wp\/v2\/categories?post=202"},{"taxonomy":"post_tag","embeddable":true,"href":"https:\/\/uniden.fr\/index.php\/wp-json\/wp\/v2\/tags?post=202"}],"curies":[{"name":"wp","href":"https:\/\/api.w.org\/{rel}","templated":true}]}}