{"id":192,"date":"2021-06-08T18:18:00","date_gmt":"2021-06-08T16:18:00","guid":{"rendered":"https:\/\/uniden.fr\/?p=192"},"modified":"2025-09-10T18:19:42","modified_gmt":"2025-09-10T16:19:42","slug":"scenarios-de-rte-lindustrie-sera-un-acteur-central-de-la-neutralite-carbone","status":"publish","type":"post","link":"https:\/\/uniden.fr\/index.php\/2021\/06\/08\/scenarios-de-rte-lindustrie-sera-un-acteur-central-de-la-neutralite-carbone\/","title":{"rendered":"Sc\u00e9narios de RTE : l\u2019industrie sera un acteur central de la neutralit\u00e9 carbone"},"content":{"rendered":"\n<p>RTE a publi\u00e9 six projets de sc\u00e9narios d\u2019\u00e9volution du mix de production \u00e9lectrique. Issus de la premi\u00e8re \u00e9tape d\u2019un vaste travail de consultation et d\u2019analyse, ils viseront \u00e0 \u00e9clairer les d\u00e9cisions qui d\u00e9finiront la trajectoire vers la neutralit\u00e9 carbone en 2050.<\/p>\n\n\n\n<p><br>L\u2019UNIDEN, qui repr\u00e9sente les industries fortement consommatrices d\u2019\u00e9nergie pr\u00e9sentes en France, salue la qualit\u00e9 du travail initi\u00e9 par RTE et souhaite que la suite du d\u00e9bat reste \u00e0 la hauteur de ses enjeux.<\/p>\n\n\n\n<p><br>L\u2019UNIDEN se f\u00e9licite de ce que \u00ab la question de la r\u00e9industrialisation et des fuites de carbone (se soit impos\u00e9e) comme un enjeu central du travail en cours \u00bb, selon les mots de RTE. En effet, l\u2019industrie n\u2019est ni une option, ni une variable d\u2019ajustement pour atteindre la neutralit\u00e9 carbone. Comme l\u2019a montr\u00e9 une \u00e9tude r\u00e9cente de Deloitte pour l\u2019UNIDEN, la d\u00e9sindustrialisation observ\u00e9e en France a d\u00e9j\u00e0 eu co\u00fbt climatique, avec une augmentation significative de l\u2019empreinte carbone : cela s\u2019explique par la plus grande efficacit\u00e9 carbone des productions domestiques, auxquelles des productions import\u00e9es, plus carbon\u00e9es, se sont substitu\u00e9es. A l\u2019inverse, l\u2019\u00e9tude montre qu\u2019une r\u00e9industrialisation aurait un impact positif sur la r\u00e9duction de l\u2019empreinte carbone.<\/p>\n\n\n\n<p><br>Le cadre de r\u00e9f\u00e9rence pour atteindre la neutralit\u00e9 carbone doit donc imp\u00e9rativement int\u00e9grer l\u2019hypoth\u00e8se d\u2019un red\u00e9ploiement industriel et ainsi prendre en compte la n\u00e9cessaire \u00e9lectrification de l\u2019industrie, les ruptures technologiques et les nouvelles industries qui permettront de d\u00e9carboner l\u2019\u00e9conomie (batteries, hydrog\u00e8ne, etc.).<\/p>\n\n\n\n<p><br>Les besoins en \u00e9lectricit\u00e9 de l\u2019industrie vont donc cro\u00eetre fortement, sachant que la dynamique de l\u2019efficacit\u00e9 \u00e9nerg\u00e9tique, par d\u00e9finition, finira par se ralentir ; pour la seule industrie, selon un sc\u00e9nario d\u2019\u00e9lectrification m\u00e9dian \u00e9tudi\u00e9 par l\u2019UNIDEN, le besoin pourrait passer de 180 \u00e0 300 TWh au moins \u00e0 horizon 2050.<br>Il faut donc se garder de tout sc\u00e9nario qui mettrait en risque l\u2019approvisionnement suffisant en \u00e9lectricit\u00e9 d\u00e9carbon\u00e9e \u00e0 des co\u00fbts ma\u00eetris\u00e9s, d\u2019autant que l\u2019\u00e9volution du mix des pays voisins fera plus que jamais de la France un acteur central du paysage \u00e9lectrique europ\u00e9en ; en cas \u00ab d\u2019impasse \u00e9lectrique \u00bb, le seul choix serait la d\u00e9croissance, mortif\u00e8re pour la souverainet\u00e9 \u00e9conomique de la France.<\/p>\n\n\n\n<p><br>Dans la m\u00eame perspective, l\u2019industrie pourra jouer un r\u00f4le majeur dans l\u2019atteinte de la neutralit\u00e9 carbone si et seulement si elle a l\u2019assurance d\u2019un acc\u00e8s durable et comp\u00e9titif \u00e0 l\u2019\u00e9lectricit\u00e9 n\u00e9cessaire \u00e0 ses besoins ; \u00e0 cette condition, elle continuera d\u2019une part \u00e0 d\u00e9carboner ses propres proc\u00e9d\u00e9s, d\u2019autre part \u00e0 inventer les solutions de d\u00e9carbonation qu\u2019elle apporte \u00e0 la soci\u00e9t\u00e9 tout enti\u00e8re<\/p>\n\n\n\n<p><\/p>\n","protected":false},"excerpt":{"rendered":"<p>RTE a publi\u00e9 six projets de sc\u00e9narios d\u2019\u00e9volution du mix de production \u00e9lectrique. Issus de la premi\u00e8re \u00e9tape d\u2019un vaste travail de consultation et d\u2019analyse, ils viseront \u00e0 \u00e9clairer les d\u00e9cisions qui d\u00e9finiront la trajectoire vers la neutralit\u00e9 carbone en 2050. L\u2019UNIDEN, qui repr\u00e9sente les industries fortement consommatrices d\u2019\u00e9nergie pr\u00e9sentes en France, salue la qualit\u00e9 [&hellip;]<\/p>\n","protected":false},"author":1,"featured_media":0,"comment_status":"open","ping_status":"open","sticky":false,"template":"","format":"standard","meta":{"footnotes":""},"categories":[7],"tags":[],"class_list":["post-192","post","type-post","status-publish","format-standard","hentry","category-positions"],"yoast_head":"<!-- This site is optimized with the Yoast SEO plugin v27.4 - https:\/\/yoast.com\/product\/yoast-seo-wordpress\/ -->\n<title>Sc\u00e9narios de RTE : l\u2019industrie sera un acteur central de la neutralit\u00e9 carbone - Uniden<\/title>\n<meta name=\"description\" content=\"Extrait | S\u00e9parateur | Titre du site\" \/>\n<meta name=\"robots\" content=\"index, follow, max-snippet:-1, max-image-preview:large, max-video-preview:-1\" \/>\n<link rel=\"canonical\" href=\"https:\/\/uniden.fr\/index.php\/2021\/06\/08\/scenarios-de-rte-lindustrie-sera-un-acteur-central-de-la-neutralite-carbone\/\" \/>\n<meta property=\"og:locale\" content=\"fr_FR\" \/>\n<meta property=\"og:type\" content=\"article\" \/>\n<meta property=\"og:title\" content=\"Sc\u00e9narios de RTE : l\u2019industrie sera un acteur central de la neutralit\u00e9 carbone - Uniden\" \/>\n<meta property=\"og:description\" content=\"Extrait | S\u00e9parateur | Titre du site\" \/>\n<meta property=\"og:url\" content=\"https:\/\/uniden.fr\/index.php\/2021\/06\/08\/scenarios-de-rte-lindustrie-sera-un-acteur-central-de-la-neutralite-carbone\/\" \/>\n<meta property=\"og:site_name\" content=\"Uniden\" \/>\n<meta property=\"article:published_time\" content=\"2021-06-08T16:18:00+00:00\" \/>\n<meta property=\"article:modified_time\" content=\"2025-09-10T16:19:42+00:00\" \/>\n<meta property=\"og:image\" content=\"https:\/\/uniden.fr\/wp-content\/uploads\/2025\/09\/Uniden-logo-libelle-blanc-force.webp\" \/>\n\t<meta property=\"og:image:width\" content=\"2000\" \/>\n\t<meta property=\"og:image:height\" content=\"1111\" \/>\n\t<meta property=\"og:image:type\" content=\"image\/webp\" \/>\n<meta name=\"author\" content=\"WMUadmin\" \/>\n<meta name=\"twitter:card\" content=\"summary_large_image\" \/>\n<meta name=\"twitter:label1\" content=\"\u00c9crit par\" \/>\n\t<meta name=\"twitter:data1\" content=\"WMUadmin\" \/>\n\t<meta name=\"twitter:label2\" content=\"Dur\u00e9e de lecture estim\u00e9e\" \/>\n\t<meta name=\"twitter:data2\" content=\"2 minutes\" \/>\n<script type=\"application\/ld+json\" class=\"yoast-schema-graph\">{\"@context\":\"https:\\\/\\\/schema.org\",\"@graph\":[{\"@type\":\"Article\",\"@id\":\"https:\\\/\\\/uniden.fr\\\/index.php\\\/2021\\\/06\\\/08\\\/scenarios-de-rte-lindustrie-sera-un-acteur-central-de-la-neutralite-carbone\\\/#article\",\"isPartOf\":{\"@id\":\"https:\\\/\\\/uniden.fr\\\/index.php\\\/2021\\\/06\\\/08\\\/scenarios-de-rte-lindustrie-sera-un-acteur-central-de-la-neutralite-carbone\\\/\"},\"author\":{\"name\":\"WMUadmin\",\"@id\":\"https:\\\/\\\/uniden.fr\\\/#\\\/schema\\\/person\\\/b87bccee8ffebb68e8a665add129b595\"},\"headline\":\"Sc\u00e9narios de RTE : l\u2019industrie sera un acteur central de la neutralit\u00e9 carbone\",\"datePublished\":\"2021-06-08T16:18:00+00:00\",\"dateModified\":\"2025-09-10T16:19:42+00:00\",\"mainEntityOfPage\":{\"@id\":\"https:\\\/\\\/uniden.fr\\\/index.php\\\/2021\\\/06\\\/08\\\/scenarios-de-rte-lindustrie-sera-un-acteur-central-de-la-neutralite-carbone\\\/\"},\"wordCount\":488,\"commentCount\":0,\"publisher\":{\"@id\":\"https:\\\/\\\/uniden.fr\\\/#organization\"},\"articleSection\":[\"Positions\"],\"inLanguage\":\"fr-FR\",\"potentialAction\":[{\"@type\":\"CommentAction\",\"name\":\"Comment\",\"target\":[\"https:\\\/\\\/uniden.fr\\\/index.php\\\/2021\\\/06\\\/08\\\/scenarios-de-rte-lindustrie-sera-un-acteur-central-de-la-neutralite-carbone\\\/#respond\"]}]},{\"@type\":\"WebPage\",\"@id\":\"https:\\\/\\\/uniden.fr\\\/index.php\\\/2021\\\/06\\\/08\\\/scenarios-de-rte-lindustrie-sera-un-acteur-central-de-la-neutralite-carbone\\\/\",\"url\":\"https:\\\/\\\/uniden.fr\\\/index.php\\\/2021\\\/06\\\/08\\\/scenarios-de-rte-lindustrie-sera-un-acteur-central-de-la-neutralite-carbone\\\/\",\"name\":\"Sc\u00e9narios de RTE : l\u2019industrie sera un acteur central de la neutralit\u00e9 carbone - Uniden\",\"isPartOf\":{\"@id\":\"https:\\\/\\\/uniden.fr\\\/#website\"},\"datePublished\":\"2021-06-08T16:18:00+00:00\",\"dateModified\":\"2025-09-10T16:19:42+00:00\",\"description\":\"Extrait | S\u00e9parateur | Titre du site\",\"breadcrumb\":{\"@id\":\"https:\\\/\\\/uniden.fr\\\/index.php\\\/2021\\\/06\\\/08\\\/scenarios-de-rte-lindustrie-sera-un-acteur-central-de-la-neutralite-carbone\\\/#breadcrumb\"},\"inLanguage\":\"fr-FR\",\"potentialAction\":[{\"@type\":\"ReadAction\",\"target\":[\"https:\\\/\\\/uniden.fr\\\/index.php\\\/2021\\\/06\\\/08\\\/scenarios-de-rte-lindustrie-sera-un-acteur-central-de-la-neutralite-carbone\\\/\"]}]},{\"@type\":\"BreadcrumbList\",\"@id\":\"https:\\\/\\\/uniden.fr\\\/index.php\\\/2021\\\/06\\\/08\\\/scenarios-de-rte-lindustrie-sera-un-acteur-central-de-la-neutralite-carbone\\\/#breadcrumb\",\"itemListElement\":[{\"@type\":\"ListItem\",\"position\":1,\"name\":\"Accueil\",\"item\":\"https:\\\/\\\/uniden.fr\\\/\"},{\"@type\":\"ListItem\",\"position\":2,\"name\":\"Sc\u00e9narios de RTE : l\u2019industrie sera un acteur central de la neutralit\u00e9 carbone\"}]},{\"@type\":\"WebSite\",\"@id\":\"https:\\\/\\\/uniden.fr\\\/#website\",\"url\":\"https:\\\/\\\/uniden.fr\\\/\",\"name\":\"Uniden\",\"description\":\"L&#039;Union des Industries Utilisatrices d&#039;\u00c9nergie repr\u00e9sente les industries grandes consommatrices d&#039;\u00e9nergie pr\u00e9sentes en France\",\"publisher\":{\"@id\":\"https:\\\/\\\/uniden.fr\\\/#organization\"},\"alternateName\":\"Uniden\",\"potentialAction\":[{\"@type\":\"SearchAction\",\"target\":{\"@type\":\"EntryPoint\",\"urlTemplate\":\"https:\\\/\\\/uniden.fr\\\/?s={search_term_string}\"},\"query-input\":{\"@type\":\"PropertyValueSpecification\",\"valueRequired\":true,\"valueName\":\"search_term_string\"}}],\"inLanguage\":\"fr-FR\"},{\"@type\":\"Organization\",\"@id\":\"https:\\\/\\\/uniden.fr\\\/#organization\",\"name\":\"Uniden\",\"alternateName\":\"Uniden\",\"url\":\"https:\\\/\\\/uniden.fr\\\/\",\"logo\":{\"@type\":\"ImageObject\",\"inLanguage\":\"fr-FR\",\"@id\":\"https:\\\/\\\/uniden.fr\\\/#\\\/schema\\\/logo\\\/image\\\/\",\"url\":\"https:\\\/\\\/uniden.fr\\\/wp-content\\\/uploads\\\/2025\\\/09\\\/Uniden-icone.png\",\"contentUrl\":\"https:\\\/\\\/uniden.fr\\\/wp-content\\\/uploads\\\/2025\\\/09\\\/Uniden-icone.png\",\"width\":1081,\"height\":1081,\"caption\":\"Uniden\"},\"image\":{\"@id\":\"https:\\\/\\\/uniden.fr\\\/#\\\/schema\\\/logo\\\/image\\\/\"}},{\"@type\":\"Person\",\"@id\":\"https:\\\/\\\/uniden.fr\\\/#\\\/schema\\\/person\\\/b87bccee8ffebb68e8a665add129b595\",\"name\":\"WMUadmin\",\"image\":{\"@type\":\"ImageObject\",\"inLanguage\":\"fr-FR\",\"@id\":\"https:\\\/\\\/secure.gravatar.com\\\/avatar\\\/6b61e1737ea0e1ccb90889bb28b19178269c0cfb9875bf2d30fceb45d3299548?s=96&d=mm&r=g\",\"url\":\"https:\\\/\\\/secure.gravatar.com\\\/avatar\\\/6b61e1737ea0e1ccb90889bb28b19178269c0cfb9875bf2d30fceb45d3299548?s=96&d=mm&r=g\",\"contentUrl\":\"https:\\\/\\\/secure.gravatar.com\\\/avatar\\\/6b61e1737ea0e1ccb90889bb28b19178269c0cfb9875bf2d30fceb45d3299548?s=96&d=mm&r=g\",\"caption\":\"WMUadmin\"},\"sameAs\":[\"https:\\\/\\\/uniden.fr\"],\"url\":\"https:\\\/\\\/uniden.fr\\\/index.php\\\/author\\\/wmuadmin\\\/\"}]}<\/script>\n<!-- \/ Yoast SEO plugin. -->","yoast_head_json":{"title":"Sc\u00e9narios de RTE : l\u2019industrie sera un acteur central de la neutralit\u00e9 carbone - Uniden","description":"Extrait | S\u00e9parateur | Titre du site","robots":{"index":"index","follow":"follow","max-snippet":"max-snippet:-1","max-image-preview":"max-image-preview:large","max-video-preview":"max-video-preview:-1"},"canonical":"https:\/\/uniden.fr\/index.php\/2021\/06\/08\/scenarios-de-rte-lindustrie-sera-un-acteur-central-de-la-neutralite-carbone\/","og_locale":"fr_FR","og_type":"article","og_title":"Sc\u00e9narios de RTE : l\u2019industrie sera un acteur central de la neutralit\u00e9 carbone - Uniden","og_description":"Extrait | S\u00e9parateur | Titre du site","og_url":"https:\/\/uniden.fr\/index.php\/2021\/06\/08\/scenarios-de-rte-lindustrie-sera-un-acteur-central-de-la-neutralite-carbone\/","og_site_name":"Uniden","article_published_time":"2021-06-08T16:18:00+00:00","article_modified_time":"2025-09-10T16:19:42+00:00","og_image":[{"width":2000,"height":1111,"url":"https:\/\/uniden.fr\/wp-content\/uploads\/2025\/09\/Uniden-logo-libelle-blanc-force.webp","type":"image\/webp"}],"author":"WMUadmin","twitter_card":"summary_large_image","twitter_misc":{"\u00c9crit par":"WMUadmin","Dur\u00e9e de lecture estim\u00e9e":"2 minutes"},"schema":{"@context":"https:\/\/schema.org","@graph":[{"@type":"Article","@id":"https:\/\/uniden.fr\/index.php\/2021\/06\/08\/scenarios-de-rte-lindustrie-sera-un-acteur-central-de-la-neutralite-carbone\/#article","isPartOf":{"@id":"https:\/\/uniden.fr\/index.php\/2021\/06\/08\/scenarios-de-rte-lindustrie-sera-un-acteur-central-de-la-neutralite-carbone\/"},"author":{"name":"WMUadmin","@id":"https:\/\/uniden.fr\/#\/schema\/person\/b87bccee8ffebb68e8a665add129b595"},"headline":"Sc\u00e9narios de RTE : l\u2019industrie sera un acteur central de la neutralit\u00e9 carbone","datePublished":"2021-06-08T16:18:00+00:00","dateModified":"2025-09-10T16:19:42+00:00","mainEntityOfPage":{"@id":"https:\/\/uniden.fr\/index.php\/2021\/06\/08\/scenarios-de-rte-lindustrie-sera-un-acteur-central-de-la-neutralite-carbone\/"},"wordCount":488,"commentCount":0,"publisher":{"@id":"https:\/\/uniden.fr\/#organization"},"articleSection":["Positions"],"inLanguage":"fr-FR","potentialAction":[{"@type":"CommentAction","name":"Comment","target":["https:\/\/uniden.fr\/index.php\/2021\/06\/08\/scenarios-de-rte-lindustrie-sera-un-acteur-central-de-la-neutralite-carbone\/#respond"]}]},{"@type":"WebPage","@id":"https:\/\/uniden.fr\/index.php\/2021\/06\/08\/scenarios-de-rte-lindustrie-sera-un-acteur-central-de-la-neutralite-carbone\/","url":"https:\/\/uniden.fr\/index.php\/2021\/06\/08\/scenarios-de-rte-lindustrie-sera-un-acteur-central-de-la-neutralite-carbone\/","name":"Sc\u00e9narios de RTE : l\u2019industrie sera un acteur central de la neutralit\u00e9 carbone - Uniden","isPartOf":{"@id":"https:\/\/uniden.fr\/#website"},"datePublished":"2021-06-08T16:18:00+00:00","dateModified":"2025-09-10T16:19:42+00:00","description":"Extrait | S\u00e9parateur | Titre du site","breadcrumb":{"@id":"https:\/\/uniden.fr\/index.php\/2021\/06\/08\/scenarios-de-rte-lindustrie-sera-un-acteur-central-de-la-neutralite-carbone\/#breadcrumb"},"inLanguage":"fr-FR","potentialAction":[{"@type":"ReadAction","target":["https:\/\/uniden.fr\/index.php\/2021\/06\/08\/scenarios-de-rte-lindustrie-sera-un-acteur-central-de-la-neutralite-carbone\/"]}]},{"@type":"BreadcrumbList","@id":"https:\/\/uniden.fr\/index.php\/2021\/06\/08\/scenarios-de-rte-lindustrie-sera-un-acteur-central-de-la-neutralite-carbone\/#breadcrumb","itemListElement":[{"@type":"ListItem","position":1,"name":"Accueil","item":"https:\/\/uniden.fr\/"},{"@type":"ListItem","position":2,"name":"Sc\u00e9narios de RTE : l\u2019industrie sera un acteur central de la neutralit\u00e9 carbone"}]},{"@type":"WebSite","@id":"https:\/\/uniden.fr\/#website","url":"https:\/\/uniden.fr\/","name":"Uniden","description":"L&#039;Union des Industries Utilisatrices d&#039;\u00c9nergie repr\u00e9sente les industries grandes consommatrices d&#039;\u00e9nergie pr\u00e9sentes en France","publisher":{"@id":"https:\/\/uniden.fr\/#organization"},"alternateName":"Uniden","potentialAction":[{"@type":"SearchAction","target":{"@type":"EntryPoint","urlTemplate":"https:\/\/uniden.fr\/?s={search_term_string}"},"query-input":{"@type":"PropertyValueSpecification","valueRequired":true,"valueName":"search_term_string"}}],"inLanguage":"fr-FR"},{"@type":"Organization","@id":"https:\/\/uniden.fr\/#organization","name":"Uniden","alternateName":"Uniden","url":"https:\/\/uniden.fr\/","logo":{"@type":"ImageObject","inLanguage":"fr-FR","@id":"https:\/\/uniden.fr\/#\/schema\/logo\/image\/","url":"https:\/\/uniden.fr\/wp-content\/uploads\/2025\/09\/Uniden-icone.png","contentUrl":"https:\/\/uniden.fr\/wp-content\/uploads\/2025\/09\/Uniden-icone.png","width":1081,"height":1081,"caption":"Uniden"},"image":{"@id":"https:\/\/uniden.fr\/#\/schema\/logo\/image\/"}},{"@type":"Person","@id":"https:\/\/uniden.fr\/#\/schema\/person\/b87bccee8ffebb68e8a665add129b595","name":"WMUadmin","image":{"@type":"ImageObject","inLanguage":"fr-FR","@id":"https:\/\/secure.gravatar.com\/avatar\/6b61e1737ea0e1ccb90889bb28b19178269c0cfb9875bf2d30fceb45d3299548?s=96&d=mm&r=g","url":"https:\/\/secure.gravatar.com\/avatar\/6b61e1737ea0e1ccb90889bb28b19178269c0cfb9875bf2d30fceb45d3299548?s=96&d=mm&r=g","contentUrl":"https:\/\/secure.gravatar.com\/avatar\/6b61e1737ea0e1ccb90889bb28b19178269c0cfb9875bf2d30fceb45d3299548?s=96&d=mm&r=g","caption":"WMUadmin"},"sameAs":["https:\/\/uniden.fr"],"url":"https:\/\/uniden.fr\/index.php\/author\/wmuadmin\/"}]}},"_links":{"self":[{"href":"https:\/\/uniden.fr\/index.php\/wp-json\/wp\/v2\/posts\/192","targetHints":{"allow":["GET"]}}],"collection":[{"href":"https:\/\/uniden.fr\/index.php\/wp-json\/wp\/v2\/posts"}],"about":[{"href":"https:\/\/uniden.fr\/index.php\/wp-json\/wp\/v2\/types\/post"}],"author":[{"embeddable":true,"href":"https:\/\/uniden.fr\/index.php\/wp-json\/wp\/v2\/users\/1"}],"replies":[{"embeddable":true,"href":"https:\/\/uniden.fr\/index.php\/wp-json\/wp\/v2\/comments?post=192"}],"version-history":[{"count":0,"href":"https:\/\/uniden.fr\/index.php\/wp-json\/wp\/v2\/posts\/192\/revisions"}],"wp:attachment":[{"href":"https:\/\/uniden.fr\/index.php\/wp-json\/wp\/v2\/media?parent=192"}],"wp:term":[{"taxonomy":"category","embeddable":true,"href":"https:\/\/uniden.fr\/index.php\/wp-json\/wp\/v2\/categories?post=192"},{"taxonomy":"post_tag","embeddable":true,"href":"https:\/\/uniden.fr\/index.php\/wp-json\/wp\/v2\/tags?post=192"}],"curies":[{"name":"wp","href":"https:\/\/api.w.org\/{rel}","templated":true}]}}