{"id":181,"date":"2017-11-13T18:11:00","date_gmt":"2017-11-13T17:11:00","guid":{"rendered":"https:\/\/uniden.fr\/?p=181"},"modified":"2025-09-10T18:13:14","modified_gmt":"2025-09-10T16:13:14","slug":"transition-energetique-coordonner-baisse-du-nucleaire-et-montee-des-enr","status":"publish","type":"post","link":"https:\/\/uniden.fr\/index.php\/2017\/11\/13\/transition-energetique-coordonner-baisse-du-nucleaire-et-montee-des-enr\/","title":{"rendered":"Transition \u00c9nerg\u00e9tique: Coordonner baisse du nucl\u00e9aire et mont\u00e9e des ENR"},"content":{"rendered":"\n<h2 class=\"wp-block-heading\">Synth\u00e8se<\/h2>\n\n\n\n<p><br>Alors que les d\u00e9bats sur la PPE sont en cours et que RTE a pr\u00e9sent\u00e9 des sc\u00e9narios d\u2019\u00e9volution du mix \u00e9lectrique, le Gouvernement a annonc\u00e9 le report de l\u2019objectif de 50% d\u2019\u00e9lectricit\u00e9 d\u2019origine nucl\u00e9aire en<\/p>\n\n\n\n<p>L\u2019Union des Industries Utilisatrices d\u2019Energie \u2013 UNIDEN s\u2019en f\u00e9licite et souhaite que la comp\u00e9titivit\u00e9 \u00e9nerg\u00e9tique de la France soit un objectif assum\u00e9 ; loin d\u2019\u00eatre incompatible avec la mont\u00e9e en puissance des ENR, l\u2019objectif de comp\u00e9titivit\u00e9 n\u00e9cessite de ma\u00eetriser le rythme de l\u2019\u00e9volution du mix \u00e9lectrique et de conserver l\u2019atout essentiel que constitue la production \u00e9lectronucl\u00e9aire du parc fran\u00e7ais.<\/p>\n\n\n\n<p>Le prix de l\u2019\u00e9lectricit\u00e9 est un facteur de comp\u00e9titivit\u00e9 et de localisation des activit\u00e9s des industries fortement consommatrices d\u2019\u00e9lectricit\u00e9, en concurrence sur le march\u00e9 mondial.<\/p>\n\n\n\n<p>Le parc nucl\u00e9aire existant garantit des co\u00fbts de production comp\u00e9titifs sur les 15 prochaines ann\u00e9es, une \u00e9lectricit\u00e9 d\u00e9carbon\u00e9e, la disponibilit\u00e9 d\u2019une production \u00e9lectrique de base de forte puissance, en ad\u00e9quation avec les profils et les volumes de consommation de nos usines, le tout dans un cadre d\u2019\u00e9volution pr\u00e9visible. A ce jour, les sources d\u2019\u00e9lectricit\u00e9 alternatives n\u2019apportent pas le m\u00eame<br>ensemble de garanties.<\/p>\n\n\n\n<p>Les dividendes du choix nucl\u00e9aire sont encore devant nous : la dur\u00e9e de fonctionnement des centrales nucl\u00e9aires permet d\u2019amortir les investissements sur un plus grand nombre d\u2019ann\u00e9es, donc de ma\u00eetriser les co\u00fbts de production.<\/p>\n\n\n\n<p>EDF a pr\u00e9vu un programme de \u00ab grand car\u00e9nage \u00bb permettant la prolongation du parc nucl\u00e9aire dans le respect des exigences de s\u00fbret\u00e9 telles que r\u00e9vis\u00e9es apr\u00e8s Fukushima. Ce programme garantirait la puissance de base et la visibilit\u00e9 n\u00e9cessaires dans un contexte de d\u00e9veloppement r\u00e9solu des ENR.<\/p>\n\n\n\n<p>La mont\u00e9e en puissance des ENR permettrait de faire descendre la production d\u2019origine nucl\u00e9aire \u00e0 50% sans fermeture pr\u00e9matur\u00e9e de centrales : dans un march\u00e9 \u00e9lectrique de plus en plus europ\u00e9en, la France pourrait ainsi d\u00e9velopper ses exportations, concourant \u00e0 une d\u00e9carbonation du mix \u00e9lectrique europ\u00e9en, plut\u00f4t que de devoir importer une \u00e9lectricit\u00e9 plus carbon\u00e9e que celle produite en France.<\/p>\n\n\n\n<p>La fermeture anticip\u00e9e (sans prolongation) de centrales nucl\u00e9aires engendrerait, outre d\u2019importants co\u00fbts d\u2019indemnisation d\u2019EDF, un manque de souplesse face aux \u00e9volutions macro\u00e9conomiques, un recours accru \u00e0 des productions carbon\u00e9es, une incertitude sur la s\u00e9curit\u00e9 d\u2019approvisionnement et des tensions sur les prix. Cela se traduirait par une baisse de la comp\u00e9titivit\u00e9 \u00e9nerg\u00e9tique de la France qui rendrait difficile le maintien d\u2019activit\u00e9s \u00e9lectro-intensives dans notre pays.<\/p>\n\n\n\n<ol start=\"2025\" class=\"wp-block-list\"><\/ol>\n\n\n\n<p>C\u2019est pourquoi l\u2019UNIDEN recommande :<\/p>\n\n\n\n<ul class=\"wp-block-list\">\n<li>d\u2019\u00e9viter toute d\u00e9cision pr\u00e9matur\u00e9e et irr\u00e9versible sur l\u2019\u00e9volution du parc nucl\u00e9aire existant ;<\/li>\n\n\n\n<li>d\u2019accompagner la mont\u00e9e en puissance des ENR en adaptant la poursuite de la production nucl\u00e9aire \u00e0 leur d\u00e9veloppement, sans dogmatisme sur le rythme de fermeture de centrales nucl\u00e9aires. La prolongation de la dur\u00e9e de vie de chaque centrale doit r\u00e9sulter d\u2019un choix \u00e9conomique rationnel, sous le contr\u00f4le de l\u2019ASN ;<\/li>\n\n\n\n<li>en r\u00e9sum\u00e9, un pilotage pragmatique de la transition \u00e9nerg\u00e9tique, visant la comp\u00e9titivit\u00e9 \u00e9conomique et \u00e9cologique.<\/li>\n<\/ul>\n\n\n\n<p><\/p>\n\n\n\n<p><a href=\"https:\/\/uniden.fr\/wp-content\/uploads\/2025\/09\/TRANSITION-ENERGETIQUE-COORDONNER-BAISSE-DU-NUCLEAIRE-ET-MONTEE-DES-ENR.pdf\" data-type=\"attachment\" data-id=\"93\">Voir le document<\/a><\/p>\n","protected":false},"excerpt":{"rendered":"<p>Synth\u00e8se Alors que les d\u00e9bats sur la PPE sont en cours et que RTE a pr\u00e9sent\u00e9 des sc\u00e9narios d\u2019\u00e9volution du mix \u00e9lectrique, le Gouvernement a annonc\u00e9 le report de l\u2019objectif de 50% d\u2019\u00e9lectricit\u00e9 d\u2019origine nucl\u00e9aire en L\u2019Union des Industries Utilisatrices d\u2019Energie \u2013 UNIDEN s\u2019en f\u00e9licite et souhaite que la comp\u00e9titivit\u00e9 \u00e9nerg\u00e9tique de la France soit [&hellip;]<\/p>\n","protected":false},"author":1,"featured_media":0,"comment_status":"open","ping_status":"open","sticky":false,"template":"","format":"standard","meta":{"footnotes":""},"categories":[7],"tags":[],"class_list":["post-181","post","type-post","status-publish","format-standard","hentry","category-positions"],"yoast_head":"<!-- This site is optimized with the Yoast SEO plugin v27.4 - https:\/\/yoast.com\/product\/yoast-seo-wordpress\/ -->\n<title>Transition \u00c9nerg\u00e9tique: Coordonner baisse du nucl\u00e9aire et mont\u00e9e des ENR - Uniden<\/title>\n<meta name=\"description\" content=\"Extrait | S\u00e9parateur | Titre du site\" \/>\n<meta name=\"robots\" content=\"index, follow, max-snippet:-1, max-image-preview:large, max-video-preview:-1\" \/>\n<link rel=\"canonical\" href=\"https:\/\/uniden.fr\/index.php\/2017\/11\/13\/transition-energetique-coordonner-baisse-du-nucleaire-et-montee-des-enr\/\" \/>\n<meta property=\"og:locale\" content=\"fr_FR\" \/>\n<meta property=\"og:type\" content=\"article\" \/>\n<meta property=\"og:title\" content=\"Transition \u00c9nerg\u00e9tique: Coordonner baisse du nucl\u00e9aire et mont\u00e9e des ENR - Uniden\" \/>\n<meta property=\"og:description\" content=\"Extrait | S\u00e9parateur | Titre du site\" \/>\n<meta property=\"og:url\" content=\"https:\/\/uniden.fr\/index.php\/2017\/11\/13\/transition-energetique-coordonner-baisse-du-nucleaire-et-montee-des-enr\/\" \/>\n<meta property=\"og:site_name\" content=\"Uniden\" \/>\n<meta property=\"article:published_time\" content=\"2017-11-13T17:11:00+00:00\" \/>\n<meta property=\"article:modified_time\" content=\"2025-09-10T16:13:14+00:00\" \/>\n<meta property=\"og:image\" content=\"https:\/\/uniden.fr\/wp-content\/uploads\/2025\/09\/Uniden-logo-libelle-blanc-force.webp\" \/>\n\t<meta property=\"og:image:width\" content=\"2000\" \/>\n\t<meta property=\"og:image:height\" content=\"1111\" \/>\n\t<meta property=\"og:image:type\" content=\"image\/webp\" \/>\n<meta name=\"author\" content=\"WMUadmin\" \/>\n<meta name=\"twitter:card\" content=\"summary_large_image\" \/>\n<meta name=\"twitter:label1\" content=\"\u00c9crit par\" \/>\n\t<meta name=\"twitter:data1\" content=\"WMUadmin\" \/>\n\t<meta name=\"twitter:label2\" content=\"Dur\u00e9e de lecture estim\u00e9e\" \/>\n\t<meta name=\"twitter:data2\" content=\"3 minutes\" \/>\n<script type=\"application\/ld+json\" class=\"yoast-schema-graph\">{\"@context\":\"https:\\\/\\\/schema.org\",\"@graph\":[{\"@type\":\"Article\",\"@id\":\"https:\\\/\\\/uniden.fr\\\/index.php\\\/2017\\\/11\\\/13\\\/transition-energetique-coordonner-baisse-du-nucleaire-et-montee-des-enr\\\/#article\",\"isPartOf\":{\"@id\":\"https:\\\/\\\/uniden.fr\\\/index.php\\\/2017\\\/11\\\/13\\\/transition-energetique-coordonner-baisse-du-nucleaire-et-montee-des-enr\\\/\"},\"author\":{\"name\":\"WMUadmin\",\"@id\":\"https:\\\/\\\/uniden.fr\\\/#\\\/schema\\\/person\\\/b87bccee8ffebb68e8a665add129b595\"},\"headline\":\"Transition \u00c9nerg\u00e9tique: Coordonner baisse du nucl\u00e9aire et mont\u00e9e des ENR\",\"datePublished\":\"2017-11-13T17:11:00+00:00\",\"dateModified\":\"2025-09-10T16:13:14+00:00\",\"mainEntityOfPage\":{\"@id\":\"https:\\\/\\\/uniden.fr\\\/index.php\\\/2017\\\/11\\\/13\\\/transition-energetique-coordonner-baisse-du-nucleaire-et-montee-des-enr\\\/\"},\"wordCount\":576,\"commentCount\":0,\"publisher\":{\"@id\":\"https:\\\/\\\/uniden.fr\\\/#organization\"},\"articleSection\":[\"Positions\"],\"inLanguage\":\"fr-FR\",\"potentialAction\":[{\"@type\":\"CommentAction\",\"name\":\"Comment\",\"target\":[\"https:\\\/\\\/uniden.fr\\\/index.php\\\/2017\\\/11\\\/13\\\/transition-energetique-coordonner-baisse-du-nucleaire-et-montee-des-enr\\\/#respond\"]}]},{\"@type\":\"WebPage\",\"@id\":\"https:\\\/\\\/uniden.fr\\\/index.php\\\/2017\\\/11\\\/13\\\/transition-energetique-coordonner-baisse-du-nucleaire-et-montee-des-enr\\\/\",\"url\":\"https:\\\/\\\/uniden.fr\\\/index.php\\\/2017\\\/11\\\/13\\\/transition-energetique-coordonner-baisse-du-nucleaire-et-montee-des-enr\\\/\",\"name\":\"Transition \u00c9nerg\u00e9tique: Coordonner baisse du nucl\u00e9aire et mont\u00e9e des ENR - Uniden\",\"isPartOf\":{\"@id\":\"https:\\\/\\\/uniden.fr\\\/#website\"},\"datePublished\":\"2017-11-13T17:11:00+00:00\",\"dateModified\":\"2025-09-10T16:13:14+00:00\",\"description\":\"Extrait | S\u00e9parateur | Titre du site\",\"breadcrumb\":{\"@id\":\"https:\\\/\\\/uniden.fr\\\/index.php\\\/2017\\\/11\\\/13\\\/transition-energetique-coordonner-baisse-du-nucleaire-et-montee-des-enr\\\/#breadcrumb\"},\"inLanguage\":\"fr-FR\",\"potentialAction\":[{\"@type\":\"ReadAction\",\"target\":[\"https:\\\/\\\/uniden.fr\\\/index.php\\\/2017\\\/11\\\/13\\\/transition-energetique-coordonner-baisse-du-nucleaire-et-montee-des-enr\\\/\"]}]},{\"@type\":\"BreadcrumbList\",\"@id\":\"https:\\\/\\\/uniden.fr\\\/index.php\\\/2017\\\/11\\\/13\\\/transition-energetique-coordonner-baisse-du-nucleaire-et-montee-des-enr\\\/#breadcrumb\",\"itemListElement\":[{\"@type\":\"ListItem\",\"position\":1,\"name\":\"Accueil\",\"item\":\"https:\\\/\\\/uniden.fr\\\/\"},{\"@type\":\"ListItem\",\"position\":2,\"name\":\"Transition \u00c9nerg\u00e9tique: Coordonner baisse du nucl\u00e9aire et mont\u00e9e des ENR\"}]},{\"@type\":\"WebSite\",\"@id\":\"https:\\\/\\\/uniden.fr\\\/#website\",\"url\":\"https:\\\/\\\/uniden.fr\\\/\",\"name\":\"Uniden\",\"description\":\"L&#039;Union des Industries Utilisatrices d&#039;\u00c9nergie repr\u00e9sente les industries grandes consommatrices d&#039;\u00e9nergie pr\u00e9sentes en France\",\"publisher\":{\"@id\":\"https:\\\/\\\/uniden.fr\\\/#organization\"},\"alternateName\":\"Uniden\",\"potentialAction\":[{\"@type\":\"SearchAction\",\"target\":{\"@type\":\"EntryPoint\",\"urlTemplate\":\"https:\\\/\\\/uniden.fr\\\/?s={search_term_string}\"},\"query-input\":{\"@type\":\"PropertyValueSpecification\",\"valueRequired\":true,\"valueName\":\"search_term_string\"}}],\"inLanguage\":\"fr-FR\"},{\"@type\":\"Organization\",\"@id\":\"https:\\\/\\\/uniden.fr\\\/#organization\",\"name\":\"Uniden\",\"alternateName\":\"Uniden\",\"url\":\"https:\\\/\\\/uniden.fr\\\/\",\"logo\":{\"@type\":\"ImageObject\",\"inLanguage\":\"fr-FR\",\"@id\":\"https:\\\/\\\/uniden.fr\\\/#\\\/schema\\\/logo\\\/image\\\/\",\"url\":\"https:\\\/\\\/uniden.fr\\\/wp-content\\\/uploads\\\/2025\\\/09\\\/Uniden-icone.png\",\"contentUrl\":\"https:\\\/\\\/uniden.fr\\\/wp-content\\\/uploads\\\/2025\\\/09\\\/Uniden-icone.png\",\"width\":1081,\"height\":1081,\"caption\":\"Uniden\"},\"image\":{\"@id\":\"https:\\\/\\\/uniden.fr\\\/#\\\/schema\\\/logo\\\/image\\\/\"}},{\"@type\":\"Person\",\"@id\":\"https:\\\/\\\/uniden.fr\\\/#\\\/schema\\\/person\\\/b87bccee8ffebb68e8a665add129b595\",\"name\":\"WMUadmin\",\"image\":{\"@type\":\"ImageObject\",\"inLanguage\":\"fr-FR\",\"@id\":\"https:\\\/\\\/secure.gravatar.com\\\/avatar\\\/6b61e1737ea0e1ccb90889bb28b19178269c0cfb9875bf2d30fceb45d3299548?s=96&d=mm&r=g\",\"url\":\"https:\\\/\\\/secure.gravatar.com\\\/avatar\\\/6b61e1737ea0e1ccb90889bb28b19178269c0cfb9875bf2d30fceb45d3299548?s=96&d=mm&r=g\",\"contentUrl\":\"https:\\\/\\\/secure.gravatar.com\\\/avatar\\\/6b61e1737ea0e1ccb90889bb28b19178269c0cfb9875bf2d30fceb45d3299548?s=96&d=mm&r=g\",\"caption\":\"WMUadmin\"},\"sameAs\":[\"https:\\\/\\\/uniden.fr\"],\"url\":\"https:\\\/\\\/uniden.fr\\\/index.php\\\/author\\\/wmuadmin\\\/\"}]}<\/script>\n<!-- \/ Yoast SEO plugin. -->","yoast_head_json":{"title":"Transition \u00c9nerg\u00e9tique: Coordonner baisse du nucl\u00e9aire et mont\u00e9e des ENR - Uniden","description":"Extrait | S\u00e9parateur | Titre du site","robots":{"index":"index","follow":"follow","max-snippet":"max-snippet:-1","max-image-preview":"max-image-preview:large","max-video-preview":"max-video-preview:-1"},"canonical":"https:\/\/uniden.fr\/index.php\/2017\/11\/13\/transition-energetique-coordonner-baisse-du-nucleaire-et-montee-des-enr\/","og_locale":"fr_FR","og_type":"article","og_title":"Transition \u00c9nerg\u00e9tique: Coordonner baisse du nucl\u00e9aire et mont\u00e9e des ENR - Uniden","og_description":"Extrait | S\u00e9parateur | Titre du site","og_url":"https:\/\/uniden.fr\/index.php\/2017\/11\/13\/transition-energetique-coordonner-baisse-du-nucleaire-et-montee-des-enr\/","og_site_name":"Uniden","article_published_time":"2017-11-13T17:11:00+00:00","article_modified_time":"2025-09-10T16:13:14+00:00","og_image":[{"width":2000,"height":1111,"url":"https:\/\/uniden.fr\/wp-content\/uploads\/2025\/09\/Uniden-logo-libelle-blanc-force.webp","type":"image\/webp"}],"author":"WMUadmin","twitter_card":"summary_large_image","twitter_misc":{"\u00c9crit par":"WMUadmin","Dur\u00e9e de lecture estim\u00e9e":"3 minutes"},"schema":{"@context":"https:\/\/schema.org","@graph":[{"@type":"Article","@id":"https:\/\/uniden.fr\/index.php\/2017\/11\/13\/transition-energetique-coordonner-baisse-du-nucleaire-et-montee-des-enr\/#article","isPartOf":{"@id":"https:\/\/uniden.fr\/index.php\/2017\/11\/13\/transition-energetique-coordonner-baisse-du-nucleaire-et-montee-des-enr\/"},"author":{"name":"WMUadmin","@id":"https:\/\/uniden.fr\/#\/schema\/person\/b87bccee8ffebb68e8a665add129b595"},"headline":"Transition \u00c9nerg\u00e9tique: Coordonner baisse du nucl\u00e9aire et mont\u00e9e des ENR","datePublished":"2017-11-13T17:11:00+00:00","dateModified":"2025-09-10T16:13:14+00:00","mainEntityOfPage":{"@id":"https:\/\/uniden.fr\/index.php\/2017\/11\/13\/transition-energetique-coordonner-baisse-du-nucleaire-et-montee-des-enr\/"},"wordCount":576,"commentCount":0,"publisher":{"@id":"https:\/\/uniden.fr\/#organization"},"articleSection":["Positions"],"inLanguage":"fr-FR","potentialAction":[{"@type":"CommentAction","name":"Comment","target":["https:\/\/uniden.fr\/index.php\/2017\/11\/13\/transition-energetique-coordonner-baisse-du-nucleaire-et-montee-des-enr\/#respond"]}]},{"@type":"WebPage","@id":"https:\/\/uniden.fr\/index.php\/2017\/11\/13\/transition-energetique-coordonner-baisse-du-nucleaire-et-montee-des-enr\/","url":"https:\/\/uniden.fr\/index.php\/2017\/11\/13\/transition-energetique-coordonner-baisse-du-nucleaire-et-montee-des-enr\/","name":"Transition \u00c9nerg\u00e9tique: Coordonner baisse du nucl\u00e9aire et mont\u00e9e des ENR - Uniden","isPartOf":{"@id":"https:\/\/uniden.fr\/#website"},"datePublished":"2017-11-13T17:11:00+00:00","dateModified":"2025-09-10T16:13:14+00:00","description":"Extrait | S\u00e9parateur | Titre du site","breadcrumb":{"@id":"https:\/\/uniden.fr\/index.php\/2017\/11\/13\/transition-energetique-coordonner-baisse-du-nucleaire-et-montee-des-enr\/#breadcrumb"},"inLanguage":"fr-FR","potentialAction":[{"@type":"ReadAction","target":["https:\/\/uniden.fr\/index.php\/2017\/11\/13\/transition-energetique-coordonner-baisse-du-nucleaire-et-montee-des-enr\/"]}]},{"@type":"BreadcrumbList","@id":"https:\/\/uniden.fr\/index.php\/2017\/11\/13\/transition-energetique-coordonner-baisse-du-nucleaire-et-montee-des-enr\/#breadcrumb","itemListElement":[{"@type":"ListItem","position":1,"name":"Accueil","item":"https:\/\/uniden.fr\/"},{"@type":"ListItem","position":2,"name":"Transition \u00c9nerg\u00e9tique: Coordonner baisse du nucl\u00e9aire et mont\u00e9e des ENR"}]},{"@type":"WebSite","@id":"https:\/\/uniden.fr\/#website","url":"https:\/\/uniden.fr\/","name":"Uniden","description":"L&#039;Union des Industries Utilisatrices d&#039;\u00c9nergie repr\u00e9sente les industries grandes consommatrices d&#039;\u00e9nergie pr\u00e9sentes en France","publisher":{"@id":"https:\/\/uniden.fr\/#organization"},"alternateName":"Uniden","potentialAction":[{"@type":"SearchAction","target":{"@type":"EntryPoint","urlTemplate":"https:\/\/uniden.fr\/?s={search_term_string}"},"query-input":{"@type":"PropertyValueSpecification","valueRequired":true,"valueName":"search_term_string"}}],"inLanguage":"fr-FR"},{"@type":"Organization","@id":"https:\/\/uniden.fr\/#organization","name":"Uniden","alternateName":"Uniden","url":"https:\/\/uniden.fr\/","logo":{"@type":"ImageObject","inLanguage":"fr-FR","@id":"https:\/\/uniden.fr\/#\/schema\/logo\/image\/","url":"https:\/\/uniden.fr\/wp-content\/uploads\/2025\/09\/Uniden-icone.png","contentUrl":"https:\/\/uniden.fr\/wp-content\/uploads\/2025\/09\/Uniden-icone.png","width":1081,"height":1081,"caption":"Uniden"},"image":{"@id":"https:\/\/uniden.fr\/#\/schema\/logo\/image\/"}},{"@type":"Person","@id":"https:\/\/uniden.fr\/#\/schema\/person\/b87bccee8ffebb68e8a665add129b595","name":"WMUadmin","image":{"@type":"ImageObject","inLanguage":"fr-FR","@id":"https:\/\/secure.gravatar.com\/avatar\/6b61e1737ea0e1ccb90889bb28b19178269c0cfb9875bf2d30fceb45d3299548?s=96&d=mm&r=g","url":"https:\/\/secure.gravatar.com\/avatar\/6b61e1737ea0e1ccb90889bb28b19178269c0cfb9875bf2d30fceb45d3299548?s=96&d=mm&r=g","contentUrl":"https:\/\/secure.gravatar.com\/avatar\/6b61e1737ea0e1ccb90889bb28b19178269c0cfb9875bf2d30fceb45d3299548?s=96&d=mm&r=g","caption":"WMUadmin"},"sameAs":["https:\/\/uniden.fr"],"url":"https:\/\/uniden.fr\/index.php\/author\/wmuadmin\/"}]}},"_links":{"self":[{"href":"https:\/\/uniden.fr\/index.php\/wp-json\/wp\/v2\/posts\/181","targetHints":{"allow":["GET"]}}],"collection":[{"href":"https:\/\/uniden.fr\/index.php\/wp-json\/wp\/v2\/posts"}],"about":[{"href":"https:\/\/uniden.fr\/index.php\/wp-json\/wp\/v2\/types\/post"}],"author":[{"embeddable":true,"href":"https:\/\/uniden.fr\/index.php\/wp-json\/wp\/v2\/users\/1"}],"replies":[{"embeddable":true,"href":"https:\/\/uniden.fr\/index.php\/wp-json\/wp\/v2\/comments?post=181"}],"version-history":[{"count":0,"href":"https:\/\/uniden.fr\/index.php\/wp-json\/wp\/v2\/posts\/181\/revisions"}],"wp:attachment":[{"href":"https:\/\/uniden.fr\/index.php\/wp-json\/wp\/v2\/media?parent=181"}],"wp:term":[{"taxonomy":"category","embeddable":true,"href":"https:\/\/uniden.fr\/index.php\/wp-json\/wp\/v2\/categories?post=181"},{"taxonomy":"post_tag","embeddable":true,"href":"https:\/\/uniden.fr\/index.php\/wp-json\/wp\/v2\/tags?post=181"}],"curies":[{"name":"wp","href":"https:\/\/api.w.org\/{rel}","templated":true}]}}