{"id":177,"date":"2015-03-09T18:09:00","date_gmt":"2015-03-09T17:09:00","guid":{"rendered":"https:\/\/uniden.fr\/?p=177"},"modified":"2025-09-10T18:10:04","modified_gmt":"2025-09-10T16:10:04","slug":"projet-de-loi-sur-la-transition-energetique","status":"publish","type":"post","link":"https:\/\/uniden.fr\/index.php\/2015\/03\/09\/projet-de-loi-sur-la-transition-energetique\/","title":{"rendered":"PROJET DE LOI SUR LA TRANSITION ENERGETIQUE"},"content":{"rendered":"\n<p>L\u2019UNIDEN SE FELICITE DU CONSENSUS AUTOUR DES MESURES<br>EN FAVEUR DE LA COMPETITIVITE DES INDUSTRIES ENERGIE-INTENSIVES<\/p>\n\n\n\n<p>Le S\u00e9nat a adopt\u00e9, le 3 mars 2015, le projet de loi relatif \u00e0 la transition \u00e9nerg\u00e9tique pour la croissance verte.<br><br>Ses travaux ont \u00e9t\u00e9 l\u2019occasion, en concertation avec la ministre de l\u2019Ecologie, du D\u00e9veloppement durable et de l\u2019Energie, S\u00e9gol\u00e8ne Royal, et dans la continuit\u00e9 des travaux de l\u2019Assembl\u00e9e nationale et des r\u00e9flexions du minist\u00e8re de l\u2019Economie, d\u2019approfondir ou d\u2019initier un ensemble de mesures destin\u00e9es \u00e0 r\u00e9tablir la comp\u00e9titivit\u00e9 des sites industriels \u00e9nergie-intensifs fran\u00e7ais.<\/p>\n\n\n\n<p><a href=\"https:\/\/uniden.fr\/wp-content\/uploads\/2025\/09\/PROJET-DE-LOI-SUR-LA-TRANSITION-ENERGETIQUE.pdf\" data-type=\"attachment\" data-id=\"75\">Lire la suite <\/a><\/p>\n","protected":false},"excerpt":{"rendered":"<p>L\u2019UNIDEN SE FELICITE DU CONSENSUS AUTOUR DES MESURESEN FAVEUR DE LA COMPETITIVITE DES INDUSTRIES ENERGIE-INTENSIVES Le S\u00e9nat a adopt\u00e9, le 3 mars 2015, le projet de loi relatif \u00e0 la transition \u00e9nerg\u00e9tique pour la croissance verte. Ses travaux ont \u00e9t\u00e9 l\u2019occasion, en concertation avec la ministre de l\u2019Ecologie, du D\u00e9veloppement durable et de l\u2019Energie, S\u00e9gol\u00e8ne [&hellip;]<\/p>\n","protected":false},"author":1,"featured_media":0,"comment_status":"open","ping_status":"open","sticky":false,"template":"","format":"standard","meta":{"footnotes":""},"categories":[3],"tags":[],"class_list":["post-177","post","type-post","status-publish","format-standard","hentry","category-communique-de-presse"],"yoast_head":"<!-- This site is optimized with the Yoast SEO plugin v27.4 - https:\/\/yoast.com\/product\/yoast-seo-wordpress\/ -->\n<title>PROJET DE LOI SUR LA TRANSITION ENERGETIQUE - Uniden<\/title>\n<meta name=\"description\" content=\"Extrait | S\u00e9parateur | Titre du site\" \/>\n<meta name=\"robots\" content=\"index, follow, max-snippet:-1, max-image-preview:large, max-video-preview:-1\" \/>\n<link rel=\"canonical\" href=\"https:\/\/uniden.fr\/index.php\/2015\/03\/09\/projet-de-loi-sur-la-transition-energetique\/\" \/>\n<meta property=\"og:locale\" content=\"fr_FR\" \/>\n<meta property=\"og:type\" content=\"article\" \/>\n<meta property=\"og:title\" content=\"PROJET DE LOI SUR LA TRANSITION ENERGETIQUE - Uniden\" \/>\n<meta property=\"og:description\" content=\"Extrait | S\u00e9parateur | Titre du site\" \/>\n<meta property=\"og:url\" content=\"https:\/\/uniden.fr\/index.php\/2015\/03\/09\/projet-de-loi-sur-la-transition-energetique\/\" \/>\n<meta property=\"og:site_name\" content=\"Uniden\" \/>\n<meta property=\"article:published_time\" content=\"2015-03-09T17:09:00+00:00\" \/>\n<meta property=\"article:modified_time\" content=\"2025-09-10T16:10:04+00:00\" \/>\n<meta property=\"og:image\" content=\"https:\/\/uniden.fr\/wp-content\/uploads\/2025\/09\/Uniden-logo-libelle-blanc-force.webp\" \/>\n\t<meta property=\"og:image:width\" content=\"2000\" \/>\n\t<meta property=\"og:image:height\" content=\"1111\" \/>\n\t<meta property=\"og:image:type\" content=\"image\/webp\" \/>\n<meta name=\"author\" content=\"WMUadmin\" \/>\n<meta name=\"twitter:card\" content=\"summary_large_image\" \/>\n<meta name=\"twitter:label1\" content=\"\u00c9crit par\" \/>\n\t<meta name=\"twitter:data1\" content=\"WMUadmin\" \/>\n\t<meta name=\"twitter:label2\" content=\"Dur\u00e9e de lecture estim\u00e9e\" \/>\n\t<meta name=\"twitter:data2\" content=\"1 minute\" \/>\n<script type=\"application\/ld+json\" class=\"yoast-schema-graph\">{\"@context\":\"https:\\\/\\\/schema.org\",\"@graph\":[{\"@type\":\"Article\",\"@id\":\"https:\\\/\\\/uniden.fr\\\/index.php\\\/2015\\\/03\\\/09\\\/projet-de-loi-sur-la-transition-energetique\\\/#article\",\"isPartOf\":{\"@id\":\"https:\\\/\\\/uniden.fr\\\/index.php\\\/2015\\\/03\\\/09\\\/projet-de-loi-sur-la-transition-energetique\\\/\"},\"author\":{\"name\":\"WMUadmin\",\"@id\":\"https:\\\/\\\/uniden.fr\\\/#\\\/schema\\\/person\\\/b87bccee8ffebb68e8a665add129b595\"},\"headline\":\"PROJET DE LOI SUR LA TRANSITION ENERGETIQUE\",\"datePublished\":\"2015-03-09T17:09:00+00:00\",\"dateModified\":\"2025-09-10T16:10:04+00:00\",\"mainEntityOfPage\":{\"@id\":\"https:\\\/\\\/uniden.fr\\\/index.php\\\/2015\\\/03\\\/09\\\/projet-de-loi-sur-la-transition-energetique\\\/\"},\"wordCount\":115,\"commentCount\":0,\"publisher\":{\"@id\":\"https:\\\/\\\/uniden.fr\\\/#organization\"},\"articleSection\":[\"Communiqu\u00e9 de presse\"],\"inLanguage\":\"fr-FR\",\"potentialAction\":[{\"@type\":\"CommentAction\",\"name\":\"Comment\",\"target\":[\"https:\\\/\\\/uniden.fr\\\/index.php\\\/2015\\\/03\\\/09\\\/projet-de-loi-sur-la-transition-energetique\\\/#respond\"]}]},{\"@type\":\"WebPage\",\"@id\":\"https:\\\/\\\/uniden.fr\\\/index.php\\\/2015\\\/03\\\/09\\\/projet-de-loi-sur-la-transition-energetique\\\/\",\"url\":\"https:\\\/\\\/uniden.fr\\\/index.php\\\/2015\\\/03\\\/09\\\/projet-de-loi-sur-la-transition-energetique\\\/\",\"name\":\"PROJET DE LOI SUR LA TRANSITION ENERGETIQUE - Uniden\",\"isPartOf\":{\"@id\":\"https:\\\/\\\/uniden.fr\\\/#website\"},\"datePublished\":\"2015-03-09T17:09:00+00:00\",\"dateModified\":\"2025-09-10T16:10:04+00:00\",\"description\":\"Extrait | S\u00e9parateur | Titre du site\",\"breadcrumb\":{\"@id\":\"https:\\\/\\\/uniden.fr\\\/index.php\\\/2015\\\/03\\\/09\\\/projet-de-loi-sur-la-transition-energetique\\\/#breadcrumb\"},\"inLanguage\":\"fr-FR\",\"potentialAction\":[{\"@type\":\"ReadAction\",\"target\":[\"https:\\\/\\\/uniden.fr\\\/index.php\\\/2015\\\/03\\\/09\\\/projet-de-loi-sur-la-transition-energetique\\\/\"]}]},{\"@type\":\"BreadcrumbList\",\"@id\":\"https:\\\/\\\/uniden.fr\\\/index.php\\\/2015\\\/03\\\/09\\\/projet-de-loi-sur-la-transition-energetique\\\/#breadcrumb\",\"itemListElement\":[{\"@type\":\"ListItem\",\"position\":1,\"name\":\"Accueil\",\"item\":\"https:\\\/\\\/uniden.fr\\\/\"},{\"@type\":\"ListItem\",\"position\":2,\"name\":\"PROJET DE LOI SUR LA TRANSITION ENERGETIQUE\"}]},{\"@type\":\"WebSite\",\"@id\":\"https:\\\/\\\/uniden.fr\\\/#website\",\"url\":\"https:\\\/\\\/uniden.fr\\\/\",\"name\":\"Uniden\",\"description\":\"L&#039;Union des Industries Utilisatrices d&#039;\u00c9nergie repr\u00e9sente les industries grandes consommatrices d&#039;\u00e9nergie pr\u00e9sentes en France\",\"publisher\":{\"@id\":\"https:\\\/\\\/uniden.fr\\\/#organization\"},\"alternateName\":\"Uniden\",\"potentialAction\":[{\"@type\":\"SearchAction\",\"target\":{\"@type\":\"EntryPoint\",\"urlTemplate\":\"https:\\\/\\\/uniden.fr\\\/?s={search_term_string}\"},\"query-input\":{\"@type\":\"PropertyValueSpecification\",\"valueRequired\":true,\"valueName\":\"search_term_string\"}}],\"inLanguage\":\"fr-FR\"},{\"@type\":\"Organization\",\"@id\":\"https:\\\/\\\/uniden.fr\\\/#organization\",\"name\":\"Uniden\",\"alternateName\":\"Uniden\",\"url\":\"https:\\\/\\\/uniden.fr\\\/\",\"logo\":{\"@type\":\"ImageObject\",\"inLanguage\":\"fr-FR\",\"@id\":\"https:\\\/\\\/uniden.fr\\\/#\\\/schema\\\/logo\\\/image\\\/\",\"url\":\"https:\\\/\\\/uniden.fr\\\/wp-content\\\/uploads\\\/2025\\\/09\\\/Uniden-icone.png\",\"contentUrl\":\"https:\\\/\\\/uniden.fr\\\/wp-content\\\/uploads\\\/2025\\\/09\\\/Uniden-icone.png\",\"width\":1081,\"height\":1081,\"caption\":\"Uniden\"},\"image\":{\"@id\":\"https:\\\/\\\/uniden.fr\\\/#\\\/schema\\\/logo\\\/image\\\/\"}},{\"@type\":\"Person\",\"@id\":\"https:\\\/\\\/uniden.fr\\\/#\\\/schema\\\/person\\\/b87bccee8ffebb68e8a665add129b595\",\"name\":\"WMUadmin\",\"image\":{\"@type\":\"ImageObject\",\"inLanguage\":\"fr-FR\",\"@id\":\"https:\\\/\\\/secure.gravatar.com\\\/avatar\\\/6b61e1737ea0e1ccb90889bb28b19178269c0cfb9875bf2d30fceb45d3299548?s=96&d=mm&r=g\",\"url\":\"https:\\\/\\\/secure.gravatar.com\\\/avatar\\\/6b61e1737ea0e1ccb90889bb28b19178269c0cfb9875bf2d30fceb45d3299548?s=96&d=mm&r=g\",\"contentUrl\":\"https:\\\/\\\/secure.gravatar.com\\\/avatar\\\/6b61e1737ea0e1ccb90889bb28b19178269c0cfb9875bf2d30fceb45d3299548?s=96&d=mm&r=g\",\"caption\":\"WMUadmin\"},\"sameAs\":[\"https:\\\/\\\/uniden.fr\"],\"url\":\"https:\\\/\\\/uniden.fr\\\/index.php\\\/author\\\/wmuadmin\\\/\"}]}<\/script>\n<!-- \/ Yoast SEO plugin. -->","yoast_head_json":{"title":"PROJET DE LOI SUR LA TRANSITION ENERGETIQUE - Uniden","description":"Extrait | S\u00e9parateur | Titre du site","robots":{"index":"index","follow":"follow","max-snippet":"max-snippet:-1","max-image-preview":"max-image-preview:large","max-video-preview":"max-video-preview:-1"},"canonical":"https:\/\/uniden.fr\/index.php\/2015\/03\/09\/projet-de-loi-sur-la-transition-energetique\/","og_locale":"fr_FR","og_type":"article","og_title":"PROJET DE LOI SUR LA TRANSITION ENERGETIQUE - Uniden","og_description":"Extrait | S\u00e9parateur | Titre du site","og_url":"https:\/\/uniden.fr\/index.php\/2015\/03\/09\/projet-de-loi-sur-la-transition-energetique\/","og_site_name":"Uniden","article_published_time":"2015-03-09T17:09:00+00:00","article_modified_time":"2025-09-10T16:10:04+00:00","og_image":[{"width":2000,"height":1111,"url":"https:\/\/uniden.fr\/wp-content\/uploads\/2025\/09\/Uniden-logo-libelle-blanc-force.webp","type":"image\/webp"}],"author":"WMUadmin","twitter_card":"summary_large_image","twitter_misc":{"\u00c9crit par":"WMUadmin","Dur\u00e9e de lecture estim\u00e9e":"1 minute"},"schema":{"@context":"https:\/\/schema.org","@graph":[{"@type":"Article","@id":"https:\/\/uniden.fr\/index.php\/2015\/03\/09\/projet-de-loi-sur-la-transition-energetique\/#article","isPartOf":{"@id":"https:\/\/uniden.fr\/index.php\/2015\/03\/09\/projet-de-loi-sur-la-transition-energetique\/"},"author":{"name":"WMUadmin","@id":"https:\/\/uniden.fr\/#\/schema\/person\/b87bccee8ffebb68e8a665add129b595"},"headline":"PROJET DE LOI SUR LA TRANSITION ENERGETIQUE","datePublished":"2015-03-09T17:09:00+00:00","dateModified":"2025-09-10T16:10:04+00:00","mainEntityOfPage":{"@id":"https:\/\/uniden.fr\/index.php\/2015\/03\/09\/projet-de-loi-sur-la-transition-energetique\/"},"wordCount":115,"commentCount":0,"publisher":{"@id":"https:\/\/uniden.fr\/#organization"},"articleSection":["Communiqu\u00e9 de presse"],"inLanguage":"fr-FR","potentialAction":[{"@type":"CommentAction","name":"Comment","target":["https:\/\/uniden.fr\/index.php\/2015\/03\/09\/projet-de-loi-sur-la-transition-energetique\/#respond"]}]},{"@type":"WebPage","@id":"https:\/\/uniden.fr\/index.php\/2015\/03\/09\/projet-de-loi-sur-la-transition-energetique\/","url":"https:\/\/uniden.fr\/index.php\/2015\/03\/09\/projet-de-loi-sur-la-transition-energetique\/","name":"PROJET DE LOI SUR LA TRANSITION ENERGETIQUE - Uniden","isPartOf":{"@id":"https:\/\/uniden.fr\/#website"},"datePublished":"2015-03-09T17:09:00+00:00","dateModified":"2025-09-10T16:10:04+00:00","description":"Extrait | S\u00e9parateur | Titre du site","breadcrumb":{"@id":"https:\/\/uniden.fr\/index.php\/2015\/03\/09\/projet-de-loi-sur-la-transition-energetique\/#breadcrumb"},"inLanguage":"fr-FR","potentialAction":[{"@type":"ReadAction","target":["https:\/\/uniden.fr\/index.php\/2015\/03\/09\/projet-de-loi-sur-la-transition-energetique\/"]}]},{"@type":"BreadcrumbList","@id":"https:\/\/uniden.fr\/index.php\/2015\/03\/09\/projet-de-loi-sur-la-transition-energetique\/#breadcrumb","itemListElement":[{"@type":"ListItem","position":1,"name":"Accueil","item":"https:\/\/uniden.fr\/"},{"@type":"ListItem","position":2,"name":"PROJET DE LOI SUR LA TRANSITION ENERGETIQUE"}]},{"@type":"WebSite","@id":"https:\/\/uniden.fr\/#website","url":"https:\/\/uniden.fr\/","name":"Uniden","description":"L&#039;Union des Industries Utilisatrices d&#039;\u00c9nergie repr\u00e9sente les industries grandes consommatrices d&#039;\u00e9nergie pr\u00e9sentes en France","publisher":{"@id":"https:\/\/uniden.fr\/#organization"},"alternateName":"Uniden","potentialAction":[{"@type":"SearchAction","target":{"@type":"EntryPoint","urlTemplate":"https:\/\/uniden.fr\/?s={search_term_string}"},"query-input":{"@type":"PropertyValueSpecification","valueRequired":true,"valueName":"search_term_string"}}],"inLanguage":"fr-FR"},{"@type":"Organization","@id":"https:\/\/uniden.fr\/#organization","name":"Uniden","alternateName":"Uniden","url":"https:\/\/uniden.fr\/","logo":{"@type":"ImageObject","inLanguage":"fr-FR","@id":"https:\/\/uniden.fr\/#\/schema\/logo\/image\/","url":"https:\/\/uniden.fr\/wp-content\/uploads\/2025\/09\/Uniden-icone.png","contentUrl":"https:\/\/uniden.fr\/wp-content\/uploads\/2025\/09\/Uniden-icone.png","width":1081,"height":1081,"caption":"Uniden"},"image":{"@id":"https:\/\/uniden.fr\/#\/schema\/logo\/image\/"}},{"@type":"Person","@id":"https:\/\/uniden.fr\/#\/schema\/person\/b87bccee8ffebb68e8a665add129b595","name":"WMUadmin","image":{"@type":"ImageObject","inLanguage":"fr-FR","@id":"https:\/\/secure.gravatar.com\/avatar\/6b61e1737ea0e1ccb90889bb28b19178269c0cfb9875bf2d30fceb45d3299548?s=96&d=mm&r=g","url":"https:\/\/secure.gravatar.com\/avatar\/6b61e1737ea0e1ccb90889bb28b19178269c0cfb9875bf2d30fceb45d3299548?s=96&d=mm&r=g","contentUrl":"https:\/\/secure.gravatar.com\/avatar\/6b61e1737ea0e1ccb90889bb28b19178269c0cfb9875bf2d30fceb45d3299548?s=96&d=mm&r=g","caption":"WMUadmin"},"sameAs":["https:\/\/uniden.fr"],"url":"https:\/\/uniden.fr\/index.php\/author\/wmuadmin\/"}]}},"_links":{"self":[{"href":"https:\/\/uniden.fr\/index.php\/wp-json\/wp\/v2\/posts\/177","targetHints":{"allow":["GET"]}}],"collection":[{"href":"https:\/\/uniden.fr\/index.php\/wp-json\/wp\/v2\/posts"}],"about":[{"href":"https:\/\/uniden.fr\/index.php\/wp-json\/wp\/v2\/types\/post"}],"author":[{"embeddable":true,"href":"https:\/\/uniden.fr\/index.php\/wp-json\/wp\/v2\/users\/1"}],"replies":[{"embeddable":true,"href":"https:\/\/uniden.fr\/index.php\/wp-json\/wp\/v2\/comments?post=177"}],"version-history":[{"count":0,"href":"https:\/\/uniden.fr\/index.php\/wp-json\/wp\/v2\/posts\/177\/revisions"}],"wp:attachment":[{"href":"https:\/\/uniden.fr\/index.php\/wp-json\/wp\/v2\/media?parent=177"}],"wp:term":[{"taxonomy":"category","embeddable":true,"href":"https:\/\/uniden.fr\/index.php\/wp-json\/wp\/v2\/categories?post=177"},{"taxonomy":"post_tag","embeddable":true,"href":"https:\/\/uniden.fr\/index.php\/wp-json\/wp\/v2\/tags?post=177"}],"curies":[{"name":"wp","href":"https:\/\/api.w.org\/{rel}","templated":true}]}}