{"id":171,"date":"2014-03-10T18:06:00","date_gmt":"2014-03-10T17:06:00","guid":{"rendered":"https:\/\/uniden.fr\/?p=171"},"modified":"2025-09-10T18:06:48","modified_gmt":"2025-09-10T16:06:48","slug":"approvisionnement-en-gaz-des-industriels-du-sud-de-la-france","status":"publish","type":"post","link":"https:\/\/uniden.fr\/index.php\/2014\/03\/10\/approvisionnement-en-gaz-des-industriels-du-sud-de-la-france\/","title":{"rendered":"APPROVISIONNEMENT EN GAZ DES INDUSTRIELS DU SUD DE LA FRANCE :"},"content":{"rendered":"\n<h3 class=\"wp-block-heading\">LE SCENARIO NOIR EN VOIE DE REALISATION<\/h3>\n\n\n\n<p>Le processus d\u2019allocation des capacit\u00e9s de transport de gaz entre les zones nord et sud de la France, d\u00e9sormais aux ench\u00e8res, est toujours en cours pour les ann\u00e9es 2015 \u00e0 2018. Pour m\u00e9moire, la CRE avait maintenu fin janvier sa d\u00e9cision de ce nouveau mode d\u2019allocation, malgr\u00e9 un recours de l\u2019UNIDEN qui en demandait le report d\u2019un an (autoris\u00e9 par la r\u00e9glementation europ\u00e9enne), le temps de mettre en \u0153uvre des mesures transitoires permettant de traiter le probl\u00e8me structurel dont souffre le sud de la France : un \u00e9cart persistant du co\u00fbt d\u2019approvisionnement avec le nord, assorti d\u2019une volatilit\u00e9 permanente du prix au sud1.<\/p>\n\n\n\n<p><a href=\"https:\/\/uniden.fr\/wp-content\/uploads\/2025\/09\/APPROVISIONNEMENT-EN-GAZ-DES-INDUSTRIELS-DU-SUD-DE-LA-FRANCE.pdf\" data-type=\"attachment\" data-id=\"23\">Lire le communiqu\u00e9<\/a><\/p>\n","protected":false},"excerpt":{"rendered":"<p>LE SCENARIO NOIR EN VOIE DE REALISATION Le processus d\u2019allocation des capacit\u00e9s de transport de gaz entre les zones nord et sud de la France, d\u00e9sormais aux ench\u00e8res, est toujours en cours pour les ann\u00e9es 2015 \u00e0 2018. Pour m\u00e9moire, la CRE avait maintenu fin janvier sa d\u00e9cision de ce nouveau mode d\u2019allocation, malgr\u00e9 un [&hellip;]<\/p>\n","protected":false},"author":1,"featured_media":0,"comment_status":"open","ping_status":"open","sticky":false,"template":"","format":"standard","meta":{"footnotes":""},"categories":[3],"tags":[],"class_list":["post-171","post","type-post","status-publish","format-standard","hentry","category-communique-de-presse"],"yoast_head":"<!-- This site is optimized with the Yoast SEO plugin v27.4 - https:\/\/yoast.com\/product\/yoast-seo-wordpress\/ -->\n<title>APPROVISIONNEMENT EN GAZ DES INDUSTRIELS DU SUD DE LA FRANCE : - Uniden<\/title>\n<meta name=\"description\" content=\"Extrait | S\u00e9parateur | Titre du site\" \/>\n<meta name=\"robots\" content=\"index, follow, max-snippet:-1, max-image-preview:large, max-video-preview:-1\" \/>\n<link rel=\"canonical\" href=\"https:\/\/uniden.fr\/index.php\/2014\/03\/10\/approvisionnement-en-gaz-des-industriels-du-sud-de-la-france\/\" \/>\n<meta property=\"og:locale\" content=\"fr_FR\" \/>\n<meta property=\"og:type\" content=\"article\" \/>\n<meta property=\"og:title\" content=\"APPROVISIONNEMENT EN GAZ DES INDUSTRIELS DU SUD DE LA FRANCE : - Uniden\" \/>\n<meta property=\"og:description\" content=\"Extrait | S\u00e9parateur | Titre du site\" \/>\n<meta property=\"og:url\" content=\"https:\/\/uniden.fr\/index.php\/2014\/03\/10\/approvisionnement-en-gaz-des-industriels-du-sud-de-la-france\/\" \/>\n<meta property=\"og:site_name\" content=\"Uniden\" \/>\n<meta property=\"article:published_time\" content=\"2014-03-10T17:06:00+00:00\" \/>\n<meta property=\"article:modified_time\" content=\"2025-09-10T16:06:48+00:00\" \/>\n<meta property=\"og:image\" content=\"https:\/\/uniden.fr\/wp-content\/uploads\/2025\/09\/Uniden-logo-libelle-blanc-force.webp\" \/>\n\t<meta property=\"og:image:width\" content=\"2000\" \/>\n\t<meta property=\"og:image:height\" content=\"1111\" \/>\n\t<meta property=\"og:image:type\" content=\"image\/webp\" \/>\n<meta name=\"author\" content=\"WMUadmin\" \/>\n<meta name=\"twitter:card\" content=\"summary_large_image\" \/>\n<meta name=\"twitter:label1\" content=\"\u00c9crit par\" \/>\n\t<meta name=\"twitter:data1\" content=\"WMUadmin\" \/>\n\t<meta name=\"twitter:label2\" content=\"Dur\u00e9e de lecture estim\u00e9e\" \/>\n\t<meta name=\"twitter:data2\" content=\"1 minute\" \/>\n<script type=\"application\/ld+json\" class=\"yoast-schema-graph\">{\"@context\":\"https:\\\/\\\/schema.org\",\"@graph\":[{\"@type\":\"Article\",\"@id\":\"https:\\\/\\\/uniden.fr\\\/index.php\\\/2014\\\/03\\\/10\\\/approvisionnement-en-gaz-des-industriels-du-sud-de-la-france\\\/#article\",\"isPartOf\":{\"@id\":\"https:\\\/\\\/uniden.fr\\\/index.php\\\/2014\\\/03\\\/10\\\/approvisionnement-en-gaz-des-industriels-du-sud-de-la-france\\\/\"},\"author\":{\"name\":\"WMUadmin\",\"@id\":\"https:\\\/\\\/uniden.fr\\\/#\\\/schema\\\/person\\\/b87bccee8ffebb68e8a665add129b595\"},\"headline\":\"APPROVISIONNEMENT EN GAZ DES INDUSTRIELS DU SUD DE LA FRANCE :\",\"datePublished\":\"2014-03-10T17:06:00+00:00\",\"dateModified\":\"2025-09-10T16:06:48+00:00\",\"mainEntityOfPage\":{\"@id\":\"https:\\\/\\\/uniden.fr\\\/index.php\\\/2014\\\/03\\\/10\\\/approvisionnement-en-gaz-des-industriels-du-sud-de-la-france\\\/\"},\"wordCount\":135,\"commentCount\":0,\"publisher\":{\"@id\":\"https:\\\/\\\/uniden.fr\\\/#organization\"},\"articleSection\":[\"Communiqu\u00e9 de presse\"],\"inLanguage\":\"fr-FR\",\"potentialAction\":[{\"@type\":\"CommentAction\",\"name\":\"Comment\",\"target\":[\"https:\\\/\\\/uniden.fr\\\/index.php\\\/2014\\\/03\\\/10\\\/approvisionnement-en-gaz-des-industriels-du-sud-de-la-france\\\/#respond\"]}]},{\"@type\":\"WebPage\",\"@id\":\"https:\\\/\\\/uniden.fr\\\/index.php\\\/2014\\\/03\\\/10\\\/approvisionnement-en-gaz-des-industriels-du-sud-de-la-france\\\/\",\"url\":\"https:\\\/\\\/uniden.fr\\\/index.php\\\/2014\\\/03\\\/10\\\/approvisionnement-en-gaz-des-industriels-du-sud-de-la-france\\\/\",\"name\":\"APPROVISIONNEMENT EN GAZ DES INDUSTRIELS DU SUD DE LA FRANCE : - Uniden\",\"isPartOf\":{\"@id\":\"https:\\\/\\\/uniden.fr\\\/#website\"},\"datePublished\":\"2014-03-10T17:06:00+00:00\",\"dateModified\":\"2025-09-10T16:06:48+00:00\",\"description\":\"Extrait | S\u00e9parateur | Titre du site\",\"breadcrumb\":{\"@id\":\"https:\\\/\\\/uniden.fr\\\/index.php\\\/2014\\\/03\\\/10\\\/approvisionnement-en-gaz-des-industriels-du-sud-de-la-france\\\/#breadcrumb\"},\"inLanguage\":\"fr-FR\",\"potentialAction\":[{\"@type\":\"ReadAction\",\"target\":[\"https:\\\/\\\/uniden.fr\\\/index.php\\\/2014\\\/03\\\/10\\\/approvisionnement-en-gaz-des-industriels-du-sud-de-la-france\\\/\"]}]},{\"@type\":\"BreadcrumbList\",\"@id\":\"https:\\\/\\\/uniden.fr\\\/index.php\\\/2014\\\/03\\\/10\\\/approvisionnement-en-gaz-des-industriels-du-sud-de-la-france\\\/#breadcrumb\",\"itemListElement\":[{\"@type\":\"ListItem\",\"position\":1,\"name\":\"Accueil\",\"item\":\"https:\\\/\\\/uniden.fr\\\/\"},{\"@type\":\"ListItem\",\"position\":2,\"name\":\"APPROVISIONNEMENT EN GAZ DES INDUSTRIELS DU SUD DE LA FRANCE :\"}]},{\"@type\":\"WebSite\",\"@id\":\"https:\\\/\\\/uniden.fr\\\/#website\",\"url\":\"https:\\\/\\\/uniden.fr\\\/\",\"name\":\"Uniden\",\"description\":\"L&#039;Union des Industries Utilisatrices d&#039;\u00c9nergie repr\u00e9sente les industries grandes consommatrices d&#039;\u00e9nergie pr\u00e9sentes en France\",\"publisher\":{\"@id\":\"https:\\\/\\\/uniden.fr\\\/#organization\"},\"alternateName\":\"Uniden\",\"potentialAction\":[{\"@type\":\"SearchAction\",\"target\":{\"@type\":\"EntryPoint\",\"urlTemplate\":\"https:\\\/\\\/uniden.fr\\\/?s={search_term_string}\"},\"query-input\":{\"@type\":\"PropertyValueSpecification\",\"valueRequired\":true,\"valueName\":\"search_term_string\"}}],\"inLanguage\":\"fr-FR\"},{\"@type\":\"Organization\",\"@id\":\"https:\\\/\\\/uniden.fr\\\/#organization\",\"name\":\"Uniden\",\"alternateName\":\"Uniden\",\"url\":\"https:\\\/\\\/uniden.fr\\\/\",\"logo\":{\"@type\":\"ImageObject\",\"inLanguage\":\"fr-FR\",\"@id\":\"https:\\\/\\\/uniden.fr\\\/#\\\/schema\\\/logo\\\/image\\\/\",\"url\":\"https:\\\/\\\/uniden.fr\\\/wp-content\\\/uploads\\\/2025\\\/09\\\/Uniden-icone.png\",\"contentUrl\":\"https:\\\/\\\/uniden.fr\\\/wp-content\\\/uploads\\\/2025\\\/09\\\/Uniden-icone.png\",\"width\":1081,\"height\":1081,\"caption\":\"Uniden\"},\"image\":{\"@id\":\"https:\\\/\\\/uniden.fr\\\/#\\\/schema\\\/logo\\\/image\\\/\"}},{\"@type\":\"Person\",\"@id\":\"https:\\\/\\\/uniden.fr\\\/#\\\/schema\\\/person\\\/b87bccee8ffebb68e8a665add129b595\",\"name\":\"WMUadmin\",\"image\":{\"@type\":\"ImageObject\",\"inLanguage\":\"fr-FR\",\"@id\":\"https:\\\/\\\/secure.gravatar.com\\\/avatar\\\/6b61e1737ea0e1ccb90889bb28b19178269c0cfb9875bf2d30fceb45d3299548?s=96&d=mm&r=g\",\"url\":\"https:\\\/\\\/secure.gravatar.com\\\/avatar\\\/6b61e1737ea0e1ccb90889bb28b19178269c0cfb9875bf2d30fceb45d3299548?s=96&d=mm&r=g\",\"contentUrl\":\"https:\\\/\\\/secure.gravatar.com\\\/avatar\\\/6b61e1737ea0e1ccb90889bb28b19178269c0cfb9875bf2d30fceb45d3299548?s=96&d=mm&r=g\",\"caption\":\"WMUadmin\"},\"sameAs\":[\"https:\\\/\\\/uniden.fr\"],\"url\":\"https:\\\/\\\/uniden.fr\\\/index.php\\\/author\\\/wmuadmin\\\/\"}]}<\/script>\n<!-- \/ Yoast SEO plugin. -->","yoast_head_json":{"title":"APPROVISIONNEMENT EN GAZ DES INDUSTRIELS DU SUD DE LA FRANCE : - Uniden","description":"Extrait | S\u00e9parateur | Titre du site","robots":{"index":"index","follow":"follow","max-snippet":"max-snippet:-1","max-image-preview":"max-image-preview:large","max-video-preview":"max-video-preview:-1"},"canonical":"https:\/\/uniden.fr\/index.php\/2014\/03\/10\/approvisionnement-en-gaz-des-industriels-du-sud-de-la-france\/","og_locale":"fr_FR","og_type":"article","og_title":"APPROVISIONNEMENT EN GAZ DES INDUSTRIELS DU SUD DE LA FRANCE : - Uniden","og_description":"Extrait | S\u00e9parateur | Titre du site","og_url":"https:\/\/uniden.fr\/index.php\/2014\/03\/10\/approvisionnement-en-gaz-des-industriels-du-sud-de-la-france\/","og_site_name":"Uniden","article_published_time":"2014-03-10T17:06:00+00:00","article_modified_time":"2025-09-10T16:06:48+00:00","og_image":[{"width":2000,"height":1111,"url":"https:\/\/uniden.fr\/wp-content\/uploads\/2025\/09\/Uniden-logo-libelle-blanc-force.webp","type":"image\/webp"}],"author":"WMUadmin","twitter_card":"summary_large_image","twitter_misc":{"\u00c9crit par":"WMUadmin","Dur\u00e9e de lecture estim\u00e9e":"1 minute"},"schema":{"@context":"https:\/\/schema.org","@graph":[{"@type":"Article","@id":"https:\/\/uniden.fr\/index.php\/2014\/03\/10\/approvisionnement-en-gaz-des-industriels-du-sud-de-la-france\/#article","isPartOf":{"@id":"https:\/\/uniden.fr\/index.php\/2014\/03\/10\/approvisionnement-en-gaz-des-industriels-du-sud-de-la-france\/"},"author":{"name":"WMUadmin","@id":"https:\/\/uniden.fr\/#\/schema\/person\/b87bccee8ffebb68e8a665add129b595"},"headline":"APPROVISIONNEMENT EN GAZ DES INDUSTRIELS DU SUD DE LA FRANCE :","datePublished":"2014-03-10T17:06:00+00:00","dateModified":"2025-09-10T16:06:48+00:00","mainEntityOfPage":{"@id":"https:\/\/uniden.fr\/index.php\/2014\/03\/10\/approvisionnement-en-gaz-des-industriels-du-sud-de-la-france\/"},"wordCount":135,"commentCount":0,"publisher":{"@id":"https:\/\/uniden.fr\/#organization"},"articleSection":["Communiqu\u00e9 de presse"],"inLanguage":"fr-FR","potentialAction":[{"@type":"CommentAction","name":"Comment","target":["https:\/\/uniden.fr\/index.php\/2014\/03\/10\/approvisionnement-en-gaz-des-industriels-du-sud-de-la-france\/#respond"]}]},{"@type":"WebPage","@id":"https:\/\/uniden.fr\/index.php\/2014\/03\/10\/approvisionnement-en-gaz-des-industriels-du-sud-de-la-france\/","url":"https:\/\/uniden.fr\/index.php\/2014\/03\/10\/approvisionnement-en-gaz-des-industriels-du-sud-de-la-france\/","name":"APPROVISIONNEMENT EN GAZ DES INDUSTRIELS DU SUD DE LA FRANCE : - Uniden","isPartOf":{"@id":"https:\/\/uniden.fr\/#website"},"datePublished":"2014-03-10T17:06:00+00:00","dateModified":"2025-09-10T16:06:48+00:00","description":"Extrait | S\u00e9parateur | Titre du site","breadcrumb":{"@id":"https:\/\/uniden.fr\/index.php\/2014\/03\/10\/approvisionnement-en-gaz-des-industriels-du-sud-de-la-france\/#breadcrumb"},"inLanguage":"fr-FR","potentialAction":[{"@type":"ReadAction","target":["https:\/\/uniden.fr\/index.php\/2014\/03\/10\/approvisionnement-en-gaz-des-industriels-du-sud-de-la-france\/"]}]},{"@type":"BreadcrumbList","@id":"https:\/\/uniden.fr\/index.php\/2014\/03\/10\/approvisionnement-en-gaz-des-industriels-du-sud-de-la-france\/#breadcrumb","itemListElement":[{"@type":"ListItem","position":1,"name":"Accueil","item":"https:\/\/uniden.fr\/"},{"@type":"ListItem","position":2,"name":"APPROVISIONNEMENT EN GAZ DES INDUSTRIELS DU SUD DE LA FRANCE :"}]},{"@type":"WebSite","@id":"https:\/\/uniden.fr\/#website","url":"https:\/\/uniden.fr\/","name":"Uniden","description":"L&#039;Union des Industries Utilisatrices d&#039;\u00c9nergie repr\u00e9sente les industries grandes consommatrices d&#039;\u00e9nergie pr\u00e9sentes en France","publisher":{"@id":"https:\/\/uniden.fr\/#organization"},"alternateName":"Uniden","potentialAction":[{"@type":"SearchAction","target":{"@type":"EntryPoint","urlTemplate":"https:\/\/uniden.fr\/?s={search_term_string}"},"query-input":{"@type":"PropertyValueSpecification","valueRequired":true,"valueName":"search_term_string"}}],"inLanguage":"fr-FR"},{"@type":"Organization","@id":"https:\/\/uniden.fr\/#organization","name":"Uniden","alternateName":"Uniden","url":"https:\/\/uniden.fr\/","logo":{"@type":"ImageObject","inLanguage":"fr-FR","@id":"https:\/\/uniden.fr\/#\/schema\/logo\/image\/","url":"https:\/\/uniden.fr\/wp-content\/uploads\/2025\/09\/Uniden-icone.png","contentUrl":"https:\/\/uniden.fr\/wp-content\/uploads\/2025\/09\/Uniden-icone.png","width":1081,"height":1081,"caption":"Uniden"},"image":{"@id":"https:\/\/uniden.fr\/#\/schema\/logo\/image\/"}},{"@type":"Person","@id":"https:\/\/uniden.fr\/#\/schema\/person\/b87bccee8ffebb68e8a665add129b595","name":"WMUadmin","image":{"@type":"ImageObject","inLanguage":"fr-FR","@id":"https:\/\/secure.gravatar.com\/avatar\/6b61e1737ea0e1ccb90889bb28b19178269c0cfb9875bf2d30fceb45d3299548?s=96&d=mm&r=g","url":"https:\/\/secure.gravatar.com\/avatar\/6b61e1737ea0e1ccb90889bb28b19178269c0cfb9875bf2d30fceb45d3299548?s=96&d=mm&r=g","contentUrl":"https:\/\/secure.gravatar.com\/avatar\/6b61e1737ea0e1ccb90889bb28b19178269c0cfb9875bf2d30fceb45d3299548?s=96&d=mm&r=g","caption":"WMUadmin"},"sameAs":["https:\/\/uniden.fr"],"url":"https:\/\/uniden.fr\/index.php\/author\/wmuadmin\/"}]}},"_links":{"self":[{"href":"https:\/\/uniden.fr\/index.php\/wp-json\/wp\/v2\/posts\/171","targetHints":{"allow":["GET"]}}],"collection":[{"href":"https:\/\/uniden.fr\/index.php\/wp-json\/wp\/v2\/posts"}],"about":[{"href":"https:\/\/uniden.fr\/index.php\/wp-json\/wp\/v2\/types\/post"}],"author":[{"embeddable":true,"href":"https:\/\/uniden.fr\/index.php\/wp-json\/wp\/v2\/users\/1"}],"replies":[{"embeddable":true,"href":"https:\/\/uniden.fr\/index.php\/wp-json\/wp\/v2\/comments?post=171"}],"version-history":[{"count":0,"href":"https:\/\/uniden.fr\/index.php\/wp-json\/wp\/v2\/posts\/171\/revisions"}],"wp:attachment":[{"href":"https:\/\/uniden.fr\/index.php\/wp-json\/wp\/v2\/media?parent=171"}],"wp:term":[{"taxonomy":"category","embeddable":true,"href":"https:\/\/uniden.fr\/index.php\/wp-json\/wp\/v2\/categories?post=171"},{"taxonomy":"post_tag","embeddable":true,"href":"https:\/\/uniden.fr\/index.php\/wp-json\/wp\/v2\/tags?post=171"}],"curies":[{"name":"wp","href":"https:\/\/api.w.org\/{rel}","templated":true}]}}