{"id":167,"date":"2013-12-09T18:04:00","date_gmt":"2013-12-09T17:04:00","guid":{"rendered":"https:\/\/uniden.fr\/?p=167"},"modified":"2025-09-10T18:05:16","modified_gmt":"2025-09-10T16:05:16","slug":"augmentation-de-la-cspe-pour-les-industries-electro-intensives","status":"publish","type":"post","link":"https:\/\/uniden.fr\/index.php\/2013\/12\/09\/augmentation-de-la-cspe-pour-les-industries-electro-intensives\/","title":{"rendered":"AUGMENTATION DE LA CSPE POUR LES INDUSTRIES ELECTRO-INTENSIVES"},"content":{"rendered":"\n<p>ENCORE UN MAUVAIS COUP POUR LA COMPETITIVITE INDUSTRIELLE FRAN\u00c7AISE !<br>QUE VEUT REELLEMENT LA MAJORITE ?<\/p>\n\n\n\n<p>Dans le cadre du projet de loi de finances rectificative pour 2013, l\u2019Assembl\u00e9e nationale a adopt\u00e9, malgr\u00e9 l\u2019opposition du Gouvernement, un amendementi de la commission des finances dont la cons\u00e9quence imm\u00e9diate, d\u00e8s 2014, est d\u2019augmenter de 22% la CSPE de nombreux sites industriels fortement consommateurs d\u2019\u00e9nergie, souvent d\u00e9j\u00e0 en situation difficile. Au-del\u00e0 de<br>2014, l\u2019\u00e9volution de la CSPE \u00e9tant impr\u00e9visible mais toujours \u00e0 la hausse, cette mesure aggravera l\u2019impr\u00e9visibilit\u00e9 de la politique \u00e9nerg\u00e9tique et l\u2019instabilit\u00e9 fiscale qui p\u00e9nalisent les industries fran\u00e7aises.<\/p>\n\n\n\n<p><a href=\"https:\/\/uniden.fr\/wp-content\/uploads\/2025\/09\/AUGMENTATION-DE-LA-CSPE-POUR-LES-INDUSTRIES-ELECTRO-INTENSIVE.pdf\" data-type=\"attachment\" data-id=\"28\">Lire le communiqu\u00e9<\/a><\/p>\n","protected":false},"excerpt":{"rendered":"<p>ENCORE UN MAUVAIS COUP POUR LA COMPETITIVITE INDUSTRIELLE FRAN\u00c7AISE !QUE VEUT REELLEMENT LA MAJORITE ? Dans le cadre du projet de loi de finances rectificative pour 2013, l\u2019Assembl\u00e9e nationale a adopt\u00e9, malgr\u00e9 l\u2019opposition du Gouvernement, un amendementi de la commission des finances dont la cons\u00e9quence imm\u00e9diate, d\u00e8s 2014, est d\u2019augmenter de 22% la CSPE de [&hellip;]<\/p>\n","protected":false},"author":1,"featured_media":0,"comment_status":"open","ping_status":"open","sticky":false,"template":"","format":"standard","meta":{"footnotes":""},"categories":[3],"tags":[],"class_list":["post-167","post","type-post","status-publish","format-standard","hentry","category-communique-de-presse"],"yoast_head":"<!-- This site is optimized with the Yoast SEO plugin v27.4 - https:\/\/yoast.com\/product\/yoast-seo-wordpress\/ -->\n<title>AUGMENTATION DE LA CSPE POUR LES INDUSTRIES ELECTRO-INTENSIVES - Uniden<\/title>\n<meta name=\"description\" content=\"Extrait | S\u00e9parateur | Titre du site\" \/>\n<meta name=\"robots\" content=\"index, follow, max-snippet:-1, max-image-preview:large, max-video-preview:-1\" \/>\n<link rel=\"canonical\" href=\"https:\/\/uniden.fr\/index.php\/2013\/12\/09\/augmentation-de-la-cspe-pour-les-industries-electro-intensives\/\" \/>\n<meta property=\"og:locale\" content=\"fr_FR\" \/>\n<meta property=\"og:type\" content=\"article\" \/>\n<meta property=\"og:title\" content=\"AUGMENTATION DE LA CSPE POUR LES INDUSTRIES ELECTRO-INTENSIVES - Uniden\" \/>\n<meta property=\"og:description\" content=\"Extrait | S\u00e9parateur | Titre du site\" \/>\n<meta property=\"og:url\" content=\"https:\/\/uniden.fr\/index.php\/2013\/12\/09\/augmentation-de-la-cspe-pour-les-industries-electro-intensives\/\" \/>\n<meta property=\"og:site_name\" content=\"Uniden\" \/>\n<meta property=\"article:published_time\" content=\"2013-12-09T17:04:00+00:00\" \/>\n<meta property=\"article:modified_time\" content=\"2025-09-10T16:05:16+00:00\" \/>\n<meta property=\"og:image\" content=\"https:\/\/uniden.fr\/wp-content\/uploads\/2025\/09\/Uniden-logo-libelle-blanc-force.webp\" \/>\n\t<meta property=\"og:image:width\" content=\"2000\" \/>\n\t<meta property=\"og:image:height\" content=\"1111\" \/>\n\t<meta property=\"og:image:type\" content=\"image\/webp\" \/>\n<meta name=\"author\" content=\"WMUadmin\" \/>\n<meta name=\"twitter:card\" content=\"summary_large_image\" \/>\n<meta name=\"twitter:label1\" content=\"\u00c9crit par\" \/>\n\t<meta name=\"twitter:data1\" content=\"WMUadmin\" \/>\n\t<meta name=\"twitter:label2\" content=\"Dur\u00e9e de lecture estim\u00e9e\" \/>\n\t<meta name=\"twitter:data2\" content=\"1 minute\" \/>\n<script type=\"application\/ld+json\" class=\"yoast-schema-graph\">{\"@context\":\"https:\\\/\\\/schema.org\",\"@graph\":[{\"@type\":\"Article\",\"@id\":\"https:\\\/\\\/uniden.fr\\\/index.php\\\/2013\\\/12\\\/09\\\/augmentation-de-la-cspe-pour-les-industries-electro-intensives\\\/#article\",\"isPartOf\":{\"@id\":\"https:\\\/\\\/uniden.fr\\\/index.php\\\/2013\\\/12\\\/09\\\/augmentation-de-la-cspe-pour-les-industries-electro-intensives\\\/\"},\"author\":{\"name\":\"WMUadmin\",\"@id\":\"https:\\\/\\\/uniden.fr\\\/#\\\/schema\\\/person\\\/b87bccee8ffebb68e8a665add129b595\"},\"headline\":\"AUGMENTATION DE LA CSPE POUR LES INDUSTRIES ELECTRO-INTENSIVES\",\"datePublished\":\"2013-12-09T17:04:00+00:00\",\"dateModified\":\"2025-09-10T16:05:16+00:00\",\"mainEntityOfPage\":{\"@id\":\"https:\\\/\\\/uniden.fr\\\/index.php\\\/2013\\\/12\\\/09\\\/augmentation-de-la-cspe-pour-les-industries-electro-intensives\\\/\"},\"wordCount\":119,\"commentCount\":0,\"publisher\":{\"@id\":\"https:\\\/\\\/uniden.fr\\\/#organization\"},\"articleSection\":[\"Communiqu\u00e9 de presse\"],\"inLanguage\":\"fr-FR\",\"potentialAction\":[{\"@type\":\"CommentAction\",\"name\":\"Comment\",\"target\":[\"https:\\\/\\\/uniden.fr\\\/index.php\\\/2013\\\/12\\\/09\\\/augmentation-de-la-cspe-pour-les-industries-electro-intensives\\\/#respond\"]}]},{\"@type\":\"WebPage\",\"@id\":\"https:\\\/\\\/uniden.fr\\\/index.php\\\/2013\\\/12\\\/09\\\/augmentation-de-la-cspe-pour-les-industries-electro-intensives\\\/\",\"url\":\"https:\\\/\\\/uniden.fr\\\/index.php\\\/2013\\\/12\\\/09\\\/augmentation-de-la-cspe-pour-les-industries-electro-intensives\\\/\",\"name\":\"AUGMENTATION DE LA CSPE POUR LES INDUSTRIES ELECTRO-INTENSIVES - Uniden\",\"isPartOf\":{\"@id\":\"https:\\\/\\\/uniden.fr\\\/#website\"},\"datePublished\":\"2013-12-09T17:04:00+00:00\",\"dateModified\":\"2025-09-10T16:05:16+00:00\",\"description\":\"Extrait | S\u00e9parateur | Titre du site\",\"breadcrumb\":{\"@id\":\"https:\\\/\\\/uniden.fr\\\/index.php\\\/2013\\\/12\\\/09\\\/augmentation-de-la-cspe-pour-les-industries-electro-intensives\\\/#breadcrumb\"},\"inLanguage\":\"fr-FR\",\"potentialAction\":[{\"@type\":\"ReadAction\",\"target\":[\"https:\\\/\\\/uniden.fr\\\/index.php\\\/2013\\\/12\\\/09\\\/augmentation-de-la-cspe-pour-les-industries-electro-intensives\\\/\"]}]},{\"@type\":\"BreadcrumbList\",\"@id\":\"https:\\\/\\\/uniden.fr\\\/index.php\\\/2013\\\/12\\\/09\\\/augmentation-de-la-cspe-pour-les-industries-electro-intensives\\\/#breadcrumb\",\"itemListElement\":[{\"@type\":\"ListItem\",\"position\":1,\"name\":\"Accueil\",\"item\":\"https:\\\/\\\/uniden.fr\\\/\"},{\"@type\":\"ListItem\",\"position\":2,\"name\":\"AUGMENTATION DE LA CSPE POUR LES INDUSTRIES ELECTRO-INTENSIVES\"}]},{\"@type\":\"WebSite\",\"@id\":\"https:\\\/\\\/uniden.fr\\\/#website\",\"url\":\"https:\\\/\\\/uniden.fr\\\/\",\"name\":\"Uniden\",\"description\":\"L&#039;Union des Industries Utilisatrices d&#039;\u00c9nergie repr\u00e9sente les industries grandes consommatrices d&#039;\u00e9nergie pr\u00e9sentes en France\",\"publisher\":{\"@id\":\"https:\\\/\\\/uniden.fr\\\/#organization\"},\"alternateName\":\"Uniden\",\"potentialAction\":[{\"@type\":\"SearchAction\",\"target\":{\"@type\":\"EntryPoint\",\"urlTemplate\":\"https:\\\/\\\/uniden.fr\\\/?s={search_term_string}\"},\"query-input\":{\"@type\":\"PropertyValueSpecification\",\"valueRequired\":true,\"valueName\":\"search_term_string\"}}],\"inLanguage\":\"fr-FR\"},{\"@type\":\"Organization\",\"@id\":\"https:\\\/\\\/uniden.fr\\\/#organization\",\"name\":\"Uniden\",\"alternateName\":\"Uniden\",\"url\":\"https:\\\/\\\/uniden.fr\\\/\",\"logo\":{\"@type\":\"ImageObject\",\"inLanguage\":\"fr-FR\",\"@id\":\"https:\\\/\\\/uniden.fr\\\/#\\\/schema\\\/logo\\\/image\\\/\",\"url\":\"https:\\\/\\\/uniden.fr\\\/wp-content\\\/uploads\\\/2025\\\/09\\\/Uniden-icone.png\",\"contentUrl\":\"https:\\\/\\\/uniden.fr\\\/wp-content\\\/uploads\\\/2025\\\/09\\\/Uniden-icone.png\",\"width\":1081,\"height\":1081,\"caption\":\"Uniden\"},\"image\":{\"@id\":\"https:\\\/\\\/uniden.fr\\\/#\\\/schema\\\/logo\\\/image\\\/\"}},{\"@type\":\"Person\",\"@id\":\"https:\\\/\\\/uniden.fr\\\/#\\\/schema\\\/person\\\/b87bccee8ffebb68e8a665add129b595\",\"name\":\"WMUadmin\",\"image\":{\"@type\":\"ImageObject\",\"inLanguage\":\"fr-FR\",\"@id\":\"https:\\\/\\\/secure.gravatar.com\\\/avatar\\\/6b61e1737ea0e1ccb90889bb28b19178269c0cfb9875bf2d30fceb45d3299548?s=96&d=mm&r=g\",\"url\":\"https:\\\/\\\/secure.gravatar.com\\\/avatar\\\/6b61e1737ea0e1ccb90889bb28b19178269c0cfb9875bf2d30fceb45d3299548?s=96&d=mm&r=g\",\"contentUrl\":\"https:\\\/\\\/secure.gravatar.com\\\/avatar\\\/6b61e1737ea0e1ccb90889bb28b19178269c0cfb9875bf2d30fceb45d3299548?s=96&d=mm&r=g\",\"caption\":\"WMUadmin\"},\"sameAs\":[\"https:\\\/\\\/uniden.fr\"],\"url\":\"https:\\\/\\\/uniden.fr\\\/index.php\\\/author\\\/wmuadmin\\\/\"}]}<\/script>\n<!-- \/ Yoast SEO plugin. -->","yoast_head_json":{"title":"AUGMENTATION DE LA CSPE POUR LES INDUSTRIES ELECTRO-INTENSIVES - Uniden","description":"Extrait | S\u00e9parateur | Titre du site","robots":{"index":"index","follow":"follow","max-snippet":"max-snippet:-1","max-image-preview":"max-image-preview:large","max-video-preview":"max-video-preview:-1"},"canonical":"https:\/\/uniden.fr\/index.php\/2013\/12\/09\/augmentation-de-la-cspe-pour-les-industries-electro-intensives\/","og_locale":"fr_FR","og_type":"article","og_title":"AUGMENTATION DE LA CSPE POUR LES INDUSTRIES ELECTRO-INTENSIVES - Uniden","og_description":"Extrait | S\u00e9parateur | Titre du site","og_url":"https:\/\/uniden.fr\/index.php\/2013\/12\/09\/augmentation-de-la-cspe-pour-les-industries-electro-intensives\/","og_site_name":"Uniden","article_published_time":"2013-12-09T17:04:00+00:00","article_modified_time":"2025-09-10T16:05:16+00:00","og_image":[{"width":2000,"height":1111,"url":"https:\/\/uniden.fr\/wp-content\/uploads\/2025\/09\/Uniden-logo-libelle-blanc-force.webp","type":"image\/webp"}],"author":"WMUadmin","twitter_card":"summary_large_image","twitter_misc":{"\u00c9crit par":"WMUadmin","Dur\u00e9e de lecture estim\u00e9e":"1 minute"},"schema":{"@context":"https:\/\/schema.org","@graph":[{"@type":"Article","@id":"https:\/\/uniden.fr\/index.php\/2013\/12\/09\/augmentation-de-la-cspe-pour-les-industries-electro-intensives\/#article","isPartOf":{"@id":"https:\/\/uniden.fr\/index.php\/2013\/12\/09\/augmentation-de-la-cspe-pour-les-industries-electro-intensives\/"},"author":{"name":"WMUadmin","@id":"https:\/\/uniden.fr\/#\/schema\/person\/b87bccee8ffebb68e8a665add129b595"},"headline":"AUGMENTATION DE LA CSPE POUR LES INDUSTRIES ELECTRO-INTENSIVES","datePublished":"2013-12-09T17:04:00+00:00","dateModified":"2025-09-10T16:05:16+00:00","mainEntityOfPage":{"@id":"https:\/\/uniden.fr\/index.php\/2013\/12\/09\/augmentation-de-la-cspe-pour-les-industries-electro-intensives\/"},"wordCount":119,"commentCount":0,"publisher":{"@id":"https:\/\/uniden.fr\/#organization"},"articleSection":["Communiqu\u00e9 de presse"],"inLanguage":"fr-FR","potentialAction":[{"@type":"CommentAction","name":"Comment","target":["https:\/\/uniden.fr\/index.php\/2013\/12\/09\/augmentation-de-la-cspe-pour-les-industries-electro-intensives\/#respond"]}]},{"@type":"WebPage","@id":"https:\/\/uniden.fr\/index.php\/2013\/12\/09\/augmentation-de-la-cspe-pour-les-industries-electro-intensives\/","url":"https:\/\/uniden.fr\/index.php\/2013\/12\/09\/augmentation-de-la-cspe-pour-les-industries-electro-intensives\/","name":"AUGMENTATION DE LA CSPE POUR LES INDUSTRIES ELECTRO-INTENSIVES - Uniden","isPartOf":{"@id":"https:\/\/uniden.fr\/#website"},"datePublished":"2013-12-09T17:04:00+00:00","dateModified":"2025-09-10T16:05:16+00:00","description":"Extrait | S\u00e9parateur | Titre du site","breadcrumb":{"@id":"https:\/\/uniden.fr\/index.php\/2013\/12\/09\/augmentation-de-la-cspe-pour-les-industries-electro-intensives\/#breadcrumb"},"inLanguage":"fr-FR","potentialAction":[{"@type":"ReadAction","target":["https:\/\/uniden.fr\/index.php\/2013\/12\/09\/augmentation-de-la-cspe-pour-les-industries-electro-intensives\/"]}]},{"@type":"BreadcrumbList","@id":"https:\/\/uniden.fr\/index.php\/2013\/12\/09\/augmentation-de-la-cspe-pour-les-industries-electro-intensives\/#breadcrumb","itemListElement":[{"@type":"ListItem","position":1,"name":"Accueil","item":"https:\/\/uniden.fr\/"},{"@type":"ListItem","position":2,"name":"AUGMENTATION DE LA CSPE POUR LES INDUSTRIES ELECTRO-INTENSIVES"}]},{"@type":"WebSite","@id":"https:\/\/uniden.fr\/#website","url":"https:\/\/uniden.fr\/","name":"Uniden","description":"L&#039;Union des Industries Utilisatrices d&#039;\u00c9nergie repr\u00e9sente les industries grandes consommatrices d&#039;\u00e9nergie pr\u00e9sentes en France","publisher":{"@id":"https:\/\/uniden.fr\/#organization"},"alternateName":"Uniden","potentialAction":[{"@type":"SearchAction","target":{"@type":"EntryPoint","urlTemplate":"https:\/\/uniden.fr\/?s={search_term_string}"},"query-input":{"@type":"PropertyValueSpecification","valueRequired":true,"valueName":"search_term_string"}}],"inLanguage":"fr-FR"},{"@type":"Organization","@id":"https:\/\/uniden.fr\/#organization","name":"Uniden","alternateName":"Uniden","url":"https:\/\/uniden.fr\/","logo":{"@type":"ImageObject","inLanguage":"fr-FR","@id":"https:\/\/uniden.fr\/#\/schema\/logo\/image\/","url":"https:\/\/uniden.fr\/wp-content\/uploads\/2025\/09\/Uniden-icone.png","contentUrl":"https:\/\/uniden.fr\/wp-content\/uploads\/2025\/09\/Uniden-icone.png","width":1081,"height":1081,"caption":"Uniden"},"image":{"@id":"https:\/\/uniden.fr\/#\/schema\/logo\/image\/"}},{"@type":"Person","@id":"https:\/\/uniden.fr\/#\/schema\/person\/b87bccee8ffebb68e8a665add129b595","name":"WMUadmin","image":{"@type":"ImageObject","inLanguage":"fr-FR","@id":"https:\/\/secure.gravatar.com\/avatar\/6b61e1737ea0e1ccb90889bb28b19178269c0cfb9875bf2d30fceb45d3299548?s=96&d=mm&r=g","url":"https:\/\/secure.gravatar.com\/avatar\/6b61e1737ea0e1ccb90889bb28b19178269c0cfb9875bf2d30fceb45d3299548?s=96&d=mm&r=g","contentUrl":"https:\/\/secure.gravatar.com\/avatar\/6b61e1737ea0e1ccb90889bb28b19178269c0cfb9875bf2d30fceb45d3299548?s=96&d=mm&r=g","caption":"WMUadmin"},"sameAs":["https:\/\/uniden.fr"],"url":"https:\/\/uniden.fr\/index.php\/author\/wmuadmin\/"}]}},"_links":{"self":[{"href":"https:\/\/uniden.fr\/index.php\/wp-json\/wp\/v2\/posts\/167","targetHints":{"allow":["GET"]}}],"collection":[{"href":"https:\/\/uniden.fr\/index.php\/wp-json\/wp\/v2\/posts"}],"about":[{"href":"https:\/\/uniden.fr\/index.php\/wp-json\/wp\/v2\/types\/post"}],"author":[{"embeddable":true,"href":"https:\/\/uniden.fr\/index.php\/wp-json\/wp\/v2\/users\/1"}],"replies":[{"embeddable":true,"href":"https:\/\/uniden.fr\/index.php\/wp-json\/wp\/v2\/comments?post=167"}],"version-history":[{"count":0,"href":"https:\/\/uniden.fr\/index.php\/wp-json\/wp\/v2\/posts\/167\/revisions"}],"wp:attachment":[{"href":"https:\/\/uniden.fr\/index.php\/wp-json\/wp\/v2\/media?parent=167"}],"wp:term":[{"taxonomy":"category","embeddable":true,"href":"https:\/\/uniden.fr\/index.php\/wp-json\/wp\/v2\/categories?post=167"},{"taxonomy":"post_tag","embeddable":true,"href":"https:\/\/uniden.fr\/index.php\/wp-json\/wp\/v2\/tags?post=167"}],"curies":[{"name":"wp","href":"https:\/\/api.w.org\/{rel}","templated":true}]}}