{"id":111,"date":"2003-11-24T17:29:00","date_gmt":"2003-11-24T16:29:00","guid":{"rendered":"https:\/\/uniden.fr\/?p=111"},"modified":"2025-09-10T17:31:18","modified_gmt":"2025-09-10T15:31:18","slug":"marche-de-lelectricite-analyse-critique-du-professeur-yannick-marquet","status":"publish","type":"post","link":"https:\/\/uniden.fr\/index.php\/2003\/11\/24\/marche-de-lelectricite-analyse-critique-du-professeur-yannick-marquet\/","title":{"rendered":"March\u00e9 de l\u2019Electricit\u00e9 : Analyse critique du Professeur Yannick Marquet"},"content":{"rendered":"\n<p>Apr\u00e8s plusieurs ann\u00e9es d\u2019exp\u00e9rience, l\u2019ouverture des march\u00e9s \u00e9lectriques conduit \u00e0 de<br>nombreuses aberrations qu\u2019il est de plus en plus difficile d\u2019attribuer \u00e0 des d\u00e9fauts de r\u00e9glage<br>des nouveaux m\u00e9canismes commerciaux ou aux balbutiements des nouveaux modes de<br>r\u00e9gulation. Cette situation est particuli\u00e8rement inqui\u00e9tante pour les consommateurs industriels.<br>Le fonctionnement actuel des march\u00e9s de gros est en effet pour eux un facteur important<br>d\u2019ins\u00e9curit\u00e9 \u00e9conomique et de d\u00e9gradation de leur comp\u00e9titivit\u00e9. Ces craintes sont d\u2019autant plus<br>fond\u00e9es qu\u2019on peut dans un avenir pr\u00e9visible s\u2019attendre \u00e0 une crise d\u2019\u00e9quilibrage des secteurs<br>\u00e9lectriques europ\u00e9ens qui n\u2019est pour l\u2019instant que diff\u00e9r\u00e9e par la pr\u00e9sence de surcapacit\u00e9s<br>h\u00e9rit\u00e9es du pass\u00e9 et par une ouverture des march\u00e9s qui n\u2019est encore que partielle. L\u2019analyse<br>propos\u00e9e ci-dessous fournit des \u00e9l\u00e9ments de r\u00e9flexion permettant de mieux appr\u00e9cier les d\u00e9rives<br>du mode actuel d\u2019organisation du commerce \u00e9lectrique sur la plaque continentale europ\u00e9enne.<\/p>\n\n\n\n<p><\/p>\n\n\n\n<p><a href=\"https:\/\/uniden.fr\/wp-content\/uploads\/2025\/09\/Elements-pour-une-analyse-critique-de-lorganisation.pdf\" data-type=\"attachment\" data-id=\"40\">Lire l&#8217;analyse compl\u00e8te<\/a><\/p>\n\n\n\n<p><a href=\"https:\/\/uniden.fr\/wp-content\/uploads\/2025\/09\/Elements-for-a-Critical-Analysis-of.pdf\" data-type=\"attachment\" data-id=\"39\">ou voir la version anglaise<\/a><\/p>\n","protected":false},"excerpt":{"rendered":"<p>Apr\u00e8s plusieurs ann\u00e9es d\u2019exp\u00e9rience, l\u2019ouverture des march\u00e9s \u00e9lectriques conduit \u00e0 denombreuses aberrations qu\u2019il est de plus en plus difficile d\u2019attribuer \u00e0 des d\u00e9fauts de r\u00e9glagedes nouveaux m\u00e9canismes commerciaux ou aux balbutiements des nouveaux modes der\u00e9gulation. Cette situation est particuli\u00e8rement inqui\u00e9tante pour les consommateurs industriels.Le fonctionnement actuel des march\u00e9s de gros est en effet pour eux [&hellip;]<\/p>\n","protected":false},"author":1,"featured_media":0,"comment_status":"open","ping_status":"open","sticky":false,"template":"","format":"standard","meta":{"footnotes":""},"categories":[5],"tags":[],"class_list":["post-111","post","type-post","status-publish","format-standard","hentry","category-etudes"],"yoast_head":"<!-- This site is optimized with the Yoast SEO plugin v27.4 - https:\/\/yoast.com\/product\/yoast-seo-wordpress\/ -->\n<title>March\u00e9 de l\u2019Electricit\u00e9 : Analyse critique du Professeur Yannick Marquet - Uniden<\/title>\n<meta name=\"description\" content=\"Extrait | S\u00e9parateur | Titre du site\" \/>\n<meta name=\"robots\" content=\"index, follow, max-snippet:-1, max-image-preview:large, max-video-preview:-1\" \/>\n<link rel=\"canonical\" href=\"https:\/\/uniden.fr\/index.php\/2003\/11\/24\/marche-de-lelectricite-analyse-critique-du-professeur-yannick-marquet\/\" \/>\n<meta property=\"og:locale\" content=\"fr_FR\" \/>\n<meta property=\"og:type\" content=\"article\" \/>\n<meta property=\"og:title\" content=\"March\u00e9 de l\u2019Electricit\u00e9 : Analyse critique du Professeur Yannick Marquet - Uniden\" \/>\n<meta property=\"og:description\" content=\"Extrait | S\u00e9parateur | Titre du site\" \/>\n<meta property=\"og:url\" content=\"https:\/\/uniden.fr\/index.php\/2003\/11\/24\/marche-de-lelectricite-analyse-critique-du-professeur-yannick-marquet\/\" \/>\n<meta property=\"og:site_name\" content=\"Uniden\" \/>\n<meta property=\"article:published_time\" content=\"2003-11-24T16:29:00+00:00\" \/>\n<meta property=\"article:modified_time\" content=\"2025-09-10T15:31:18+00:00\" \/>\n<meta property=\"og:image\" content=\"https:\/\/uniden.fr\/wp-content\/uploads\/2025\/09\/Uniden-logo-libelle-blanc-force.webp\" \/>\n\t<meta property=\"og:image:width\" content=\"2000\" \/>\n\t<meta property=\"og:image:height\" content=\"1111\" \/>\n\t<meta property=\"og:image:type\" content=\"image\/webp\" \/>\n<meta name=\"author\" content=\"WMUadmin\" \/>\n<meta name=\"twitter:card\" content=\"summary_large_image\" \/>\n<meta name=\"twitter:label1\" content=\"\u00c9crit par\" \/>\n\t<meta name=\"twitter:data1\" content=\"WMUadmin\" \/>\n\t<meta name=\"twitter:label2\" content=\"Dur\u00e9e de lecture estim\u00e9e\" \/>\n\t<meta name=\"twitter:data2\" content=\"1 minute\" \/>\n<script type=\"application\/ld+json\" class=\"yoast-schema-graph\">{\"@context\":\"https:\\\/\\\/schema.org\",\"@graph\":[{\"@type\":\"Article\",\"@id\":\"https:\\\/\\\/uniden.fr\\\/index.php\\\/2003\\\/11\\\/24\\\/marche-de-lelectricite-analyse-critique-du-professeur-yannick-marquet\\\/#article\",\"isPartOf\":{\"@id\":\"https:\\\/\\\/uniden.fr\\\/index.php\\\/2003\\\/11\\\/24\\\/marche-de-lelectricite-analyse-critique-du-professeur-yannick-marquet\\\/\"},\"author\":{\"name\":\"WMUadmin\",\"@id\":\"https:\\\/\\\/uniden.fr\\\/#\\\/schema\\\/person\\\/b87bccee8ffebb68e8a665add129b595\"},\"headline\":\"March\u00e9 de l\u2019Electricit\u00e9 : Analyse critique du Professeur Yannick Marquet\",\"datePublished\":\"2003-11-24T16:29:00+00:00\",\"dateModified\":\"2025-09-10T15:31:18+00:00\",\"mainEntityOfPage\":{\"@id\":\"https:\\\/\\\/uniden.fr\\\/index.php\\\/2003\\\/11\\\/24\\\/marche-de-lelectricite-analyse-critique-du-professeur-yannick-marquet\\\/\"},\"wordCount\":195,\"commentCount\":0,\"publisher\":{\"@id\":\"https:\\\/\\\/uniden.fr\\\/#organization\"},\"articleSection\":[\"Etudes\"],\"inLanguage\":\"fr-FR\",\"potentialAction\":[{\"@type\":\"CommentAction\",\"name\":\"Comment\",\"target\":[\"https:\\\/\\\/uniden.fr\\\/index.php\\\/2003\\\/11\\\/24\\\/marche-de-lelectricite-analyse-critique-du-professeur-yannick-marquet\\\/#respond\"]}]},{\"@type\":\"WebPage\",\"@id\":\"https:\\\/\\\/uniden.fr\\\/index.php\\\/2003\\\/11\\\/24\\\/marche-de-lelectricite-analyse-critique-du-professeur-yannick-marquet\\\/\",\"url\":\"https:\\\/\\\/uniden.fr\\\/index.php\\\/2003\\\/11\\\/24\\\/marche-de-lelectricite-analyse-critique-du-professeur-yannick-marquet\\\/\",\"name\":\"March\u00e9 de l\u2019Electricit\u00e9 : Analyse critique du Professeur Yannick Marquet - Uniden\",\"isPartOf\":{\"@id\":\"https:\\\/\\\/uniden.fr\\\/#website\"},\"datePublished\":\"2003-11-24T16:29:00+00:00\",\"dateModified\":\"2025-09-10T15:31:18+00:00\",\"description\":\"Extrait | S\u00e9parateur | Titre du site\",\"breadcrumb\":{\"@id\":\"https:\\\/\\\/uniden.fr\\\/index.php\\\/2003\\\/11\\\/24\\\/marche-de-lelectricite-analyse-critique-du-professeur-yannick-marquet\\\/#breadcrumb\"},\"inLanguage\":\"fr-FR\",\"potentialAction\":[{\"@type\":\"ReadAction\",\"target\":[\"https:\\\/\\\/uniden.fr\\\/index.php\\\/2003\\\/11\\\/24\\\/marche-de-lelectricite-analyse-critique-du-professeur-yannick-marquet\\\/\"]}]},{\"@type\":\"BreadcrumbList\",\"@id\":\"https:\\\/\\\/uniden.fr\\\/index.php\\\/2003\\\/11\\\/24\\\/marche-de-lelectricite-analyse-critique-du-professeur-yannick-marquet\\\/#breadcrumb\",\"itemListElement\":[{\"@type\":\"ListItem\",\"position\":1,\"name\":\"Accueil\",\"item\":\"https:\\\/\\\/uniden.fr\\\/\"},{\"@type\":\"ListItem\",\"position\":2,\"name\":\"March\u00e9 de l\u2019Electricit\u00e9 : Analyse critique du Professeur Yannick Marquet\"}]},{\"@type\":\"WebSite\",\"@id\":\"https:\\\/\\\/uniden.fr\\\/#website\",\"url\":\"https:\\\/\\\/uniden.fr\\\/\",\"name\":\"Uniden\",\"description\":\"L&#039;Union des Industries Utilisatrices d&#039;\u00c9nergie repr\u00e9sente les industries grandes consommatrices d&#039;\u00e9nergie pr\u00e9sentes en France\",\"publisher\":{\"@id\":\"https:\\\/\\\/uniden.fr\\\/#organization\"},\"alternateName\":\"Uniden\",\"potentialAction\":[{\"@type\":\"SearchAction\",\"target\":{\"@type\":\"EntryPoint\",\"urlTemplate\":\"https:\\\/\\\/uniden.fr\\\/?s={search_term_string}\"},\"query-input\":{\"@type\":\"PropertyValueSpecification\",\"valueRequired\":true,\"valueName\":\"search_term_string\"}}],\"inLanguage\":\"fr-FR\"},{\"@type\":\"Organization\",\"@id\":\"https:\\\/\\\/uniden.fr\\\/#organization\",\"name\":\"Uniden\",\"alternateName\":\"Uniden\",\"url\":\"https:\\\/\\\/uniden.fr\\\/\",\"logo\":{\"@type\":\"ImageObject\",\"inLanguage\":\"fr-FR\",\"@id\":\"https:\\\/\\\/uniden.fr\\\/#\\\/schema\\\/logo\\\/image\\\/\",\"url\":\"https:\\\/\\\/uniden.fr\\\/wp-content\\\/uploads\\\/2025\\\/09\\\/Uniden-icone.png\",\"contentUrl\":\"https:\\\/\\\/uniden.fr\\\/wp-content\\\/uploads\\\/2025\\\/09\\\/Uniden-icone.png\",\"width\":1081,\"height\":1081,\"caption\":\"Uniden\"},\"image\":{\"@id\":\"https:\\\/\\\/uniden.fr\\\/#\\\/schema\\\/logo\\\/image\\\/\"}},{\"@type\":\"Person\",\"@id\":\"https:\\\/\\\/uniden.fr\\\/#\\\/schema\\\/person\\\/b87bccee8ffebb68e8a665add129b595\",\"name\":\"WMUadmin\",\"image\":{\"@type\":\"ImageObject\",\"inLanguage\":\"fr-FR\",\"@id\":\"https:\\\/\\\/secure.gravatar.com\\\/avatar\\\/6b61e1737ea0e1ccb90889bb28b19178269c0cfb9875bf2d30fceb45d3299548?s=96&d=mm&r=g\",\"url\":\"https:\\\/\\\/secure.gravatar.com\\\/avatar\\\/6b61e1737ea0e1ccb90889bb28b19178269c0cfb9875bf2d30fceb45d3299548?s=96&d=mm&r=g\",\"contentUrl\":\"https:\\\/\\\/secure.gravatar.com\\\/avatar\\\/6b61e1737ea0e1ccb90889bb28b19178269c0cfb9875bf2d30fceb45d3299548?s=96&d=mm&r=g\",\"caption\":\"WMUadmin\"},\"sameAs\":[\"https:\\\/\\\/uniden.fr\"],\"url\":\"https:\\\/\\\/uniden.fr\\\/index.php\\\/author\\\/wmuadmin\\\/\"}]}<\/script>\n<!-- \/ Yoast SEO plugin. -->","yoast_head_json":{"title":"March\u00e9 de l\u2019Electricit\u00e9 : Analyse critique du Professeur Yannick Marquet - Uniden","description":"Extrait | S\u00e9parateur | Titre du site","robots":{"index":"index","follow":"follow","max-snippet":"max-snippet:-1","max-image-preview":"max-image-preview:large","max-video-preview":"max-video-preview:-1"},"canonical":"https:\/\/uniden.fr\/index.php\/2003\/11\/24\/marche-de-lelectricite-analyse-critique-du-professeur-yannick-marquet\/","og_locale":"fr_FR","og_type":"article","og_title":"March\u00e9 de l\u2019Electricit\u00e9 : Analyse critique du Professeur Yannick Marquet - Uniden","og_description":"Extrait | S\u00e9parateur | Titre du site","og_url":"https:\/\/uniden.fr\/index.php\/2003\/11\/24\/marche-de-lelectricite-analyse-critique-du-professeur-yannick-marquet\/","og_site_name":"Uniden","article_published_time":"2003-11-24T16:29:00+00:00","article_modified_time":"2025-09-10T15:31:18+00:00","og_image":[{"width":2000,"height":1111,"url":"https:\/\/uniden.fr\/wp-content\/uploads\/2025\/09\/Uniden-logo-libelle-blanc-force.webp","type":"image\/webp"}],"author":"WMUadmin","twitter_card":"summary_large_image","twitter_misc":{"\u00c9crit par":"WMUadmin","Dur\u00e9e de lecture estim\u00e9e":"1 minute"},"schema":{"@context":"https:\/\/schema.org","@graph":[{"@type":"Article","@id":"https:\/\/uniden.fr\/index.php\/2003\/11\/24\/marche-de-lelectricite-analyse-critique-du-professeur-yannick-marquet\/#article","isPartOf":{"@id":"https:\/\/uniden.fr\/index.php\/2003\/11\/24\/marche-de-lelectricite-analyse-critique-du-professeur-yannick-marquet\/"},"author":{"name":"WMUadmin","@id":"https:\/\/uniden.fr\/#\/schema\/person\/b87bccee8ffebb68e8a665add129b595"},"headline":"March\u00e9 de l\u2019Electricit\u00e9 : Analyse critique du Professeur Yannick Marquet","datePublished":"2003-11-24T16:29:00+00:00","dateModified":"2025-09-10T15:31:18+00:00","mainEntityOfPage":{"@id":"https:\/\/uniden.fr\/index.php\/2003\/11\/24\/marche-de-lelectricite-analyse-critique-du-professeur-yannick-marquet\/"},"wordCount":195,"commentCount":0,"publisher":{"@id":"https:\/\/uniden.fr\/#organization"},"articleSection":["Etudes"],"inLanguage":"fr-FR","potentialAction":[{"@type":"CommentAction","name":"Comment","target":["https:\/\/uniden.fr\/index.php\/2003\/11\/24\/marche-de-lelectricite-analyse-critique-du-professeur-yannick-marquet\/#respond"]}]},{"@type":"WebPage","@id":"https:\/\/uniden.fr\/index.php\/2003\/11\/24\/marche-de-lelectricite-analyse-critique-du-professeur-yannick-marquet\/","url":"https:\/\/uniden.fr\/index.php\/2003\/11\/24\/marche-de-lelectricite-analyse-critique-du-professeur-yannick-marquet\/","name":"March\u00e9 de l\u2019Electricit\u00e9 : Analyse critique du Professeur Yannick Marquet - Uniden","isPartOf":{"@id":"https:\/\/uniden.fr\/#website"},"datePublished":"2003-11-24T16:29:00+00:00","dateModified":"2025-09-10T15:31:18+00:00","description":"Extrait | S\u00e9parateur | Titre du site","breadcrumb":{"@id":"https:\/\/uniden.fr\/index.php\/2003\/11\/24\/marche-de-lelectricite-analyse-critique-du-professeur-yannick-marquet\/#breadcrumb"},"inLanguage":"fr-FR","potentialAction":[{"@type":"ReadAction","target":["https:\/\/uniden.fr\/index.php\/2003\/11\/24\/marche-de-lelectricite-analyse-critique-du-professeur-yannick-marquet\/"]}]},{"@type":"BreadcrumbList","@id":"https:\/\/uniden.fr\/index.php\/2003\/11\/24\/marche-de-lelectricite-analyse-critique-du-professeur-yannick-marquet\/#breadcrumb","itemListElement":[{"@type":"ListItem","position":1,"name":"Accueil","item":"https:\/\/uniden.fr\/"},{"@type":"ListItem","position":2,"name":"March\u00e9 de l\u2019Electricit\u00e9 : Analyse critique du Professeur Yannick Marquet"}]},{"@type":"WebSite","@id":"https:\/\/uniden.fr\/#website","url":"https:\/\/uniden.fr\/","name":"Uniden","description":"L&#039;Union des Industries Utilisatrices d&#039;\u00c9nergie repr\u00e9sente les industries grandes consommatrices d&#039;\u00e9nergie pr\u00e9sentes en France","publisher":{"@id":"https:\/\/uniden.fr\/#organization"},"alternateName":"Uniden","potentialAction":[{"@type":"SearchAction","target":{"@type":"EntryPoint","urlTemplate":"https:\/\/uniden.fr\/?s={search_term_string}"},"query-input":{"@type":"PropertyValueSpecification","valueRequired":true,"valueName":"search_term_string"}}],"inLanguage":"fr-FR"},{"@type":"Organization","@id":"https:\/\/uniden.fr\/#organization","name":"Uniden","alternateName":"Uniden","url":"https:\/\/uniden.fr\/","logo":{"@type":"ImageObject","inLanguage":"fr-FR","@id":"https:\/\/uniden.fr\/#\/schema\/logo\/image\/","url":"https:\/\/uniden.fr\/wp-content\/uploads\/2025\/09\/Uniden-icone.png","contentUrl":"https:\/\/uniden.fr\/wp-content\/uploads\/2025\/09\/Uniden-icone.png","width":1081,"height":1081,"caption":"Uniden"},"image":{"@id":"https:\/\/uniden.fr\/#\/schema\/logo\/image\/"}},{"@type":"Person","@id":"https:\/\/uniden.fr\/#\/schema\/person\/b87bccee8ffebb68e8a665add129b595","name":"WMUadmin","image":{"@type":"ImageObject","inLanguage":"fr-FR","@id":"https:\/\/secure.gravatar.com\/avatar\/6b61e1737ea0e1ccb90889bb28b19178269c0cfb9875bf2d30fceb45d3299548?s=96&d=mm&r=g","url":"https:\/\/secure.gravatar.com\/avatar\/6b61e1737ea0e1ccb90889bb28b19178269c0cfb9875bf2d30fceb45d3299548?s=96&d=mm&r=g","contentUrl":"https:\/\/secure.gravatar.com\/avatar\/6b61e1737ea0e1ccb90889bb28b19178269c0cfb9875bf2d30fceb45d3299548?s=96&d=mm&r=g","caption":"WMUadmin"},"sameAs":["https:\/\/uniden.fr"],"url":"https:\/\/uniden.fr\/index.php\/author\/wmuadmin\/"}]}},"_links":{"self":[{"href":"https:\/\/uniden.fr\/index.php\/wp-json\/wp\/v2\/posts\/111","targetHints":{"allow":["GET"]}}],"collection":[{"href":"https:\/\/uniden.fr\/index.php\/wp-json\/wp\/v2\/posts"}],"about":[{"href":"https:\/\/uniden.fr\/index.php\/wp-json\/wp\/v2\/types\/post"}],"author":[{"embeddable":true,"href":"https:\/\/uniden.fr\/index.php\/wp-json\/wp\/v2\/users\/1"}],"replies":[{"embeddable":true,"href":"https:\/\/uniden.fr\/index.php\/wp-json\/wp\/v2\/comments?post=111"}],"version-history":[{"count":0,"href":"https:\/\/uniden.fr\/index.php\/wp-json\/wp\/v2\/posts\/111\/revisions"}],"wp:attachment":[{"href":"https:\/\/uniden.fr\/index.php\/wp-json\/wp\/v2\/media?parent=111"}],"wp:term":[{"taxonomy":"category","embeddable":true,"href":"https:\/\/uniden.fr\/index.php\/wp-json\/wp\/v2\/categories?post=111"},{"taxonomy":"post_tag","embeddable":true,"href":"https:\/\/uniden.fr\/index.php\/wp-json\/wp\/v2\/tags?post=111"}],"curies":[{"name":"wp","href":"https:\/\/api.w.org\/{rel}","templated":true}]}}